{"id":59386,"date":"2017-10-23T00:00:00","date_gmt":"2017-10-23T06:00:00","guid":{"rendered":"https:\/\/dralvarez.com.mx\/larevista\/blog\/a-preservar-el-planeta-a-traves-de-la-cultura-19003"},"modified":"2017-10-23T00:00:00","modified_gmt":"2017-10-23T06:00:00","slug":"a-preservar-el-planeta-a-traves-de-la-cultura-19003","status":"publish","type":"post","link":"https:\/\/dralvarez.com.mx\/larevista\/yucatan\/a-preservar-el-planeta-a-traves-de-la-cultura-19003","title":{"rendered":"A preservar el planeta a trav\u00e9s de la cultura"},"content":{"rendered":"<\/p>\n<p>M\u00e9rida, Yucat\u00e1n, 23 de octubre de 2017.- Con la participaci\u00f3n de 25 literatos mayas provenientes de Chiapas, Quintana Roo y Campeche, as\u00ed como de diferentes municipios de la entidad, se realiza el segundo Encuentro de Escritores Mayas de la Pen\u00ednsula de Yucat\u00e1n, en el que se discute temas enfocados en la preservaci\u00f3n del planeta a trav\u00e9s de las manifestaciones culturales. &nbsp;<u><\/u><u><\/u><\/p>\n<p>Bajo el  lema \u201cAguas que brotan del coraz\u00f3n\u201d (Ja\u2019 ku y\u00e1albal ti\u2019 puksi\u2019ikal), se busca adem\u00e1s fomentar la lengua maya y sus manifestaciones escritas. Sobre esto, la directora General del Centro Estatal de Bellas Artes (CEBA), Rita Castro Gamboa, resalt\u00f3 que este es un espacio destinado al di\u00e1logo, la reflexi\u00f3n y el intercambio de experiencias para un conocimiento m\u00e1s profundo sobre la riqueza de esta cultura milenaria.<u><\/u><u><\/u><\/p>\n<p>El coordinador de la Escuela de Creaci\u00f3n Literaria del CEBA, Jos\u00e9 D\u00edaz Cervera, indic\u00f3 que los autores mayahablantes encuadran sus actividades en el eslogan del Festival Internacional de la Cultura Maya (Ficmaya) de este a\u00f1o, &#8220;La cosmogon\u00eda y la preservaci\u00f3n del planeta&#8221;, puesto que la conservaci\u00f3n de la Tierra no se puede dar sin cultura.<u><\/u><u><\/u><\/p>\n<p>Dicho Encuentro, en el que se plantea los retos, los aciertos y el futuro de la literatura maya, abri\u00f3 el pasado domingo con la conferencia magistral \u201cSocializaci\u00f3n de los prop\u00f3sitos y el proceso de elaboraci\u00f3n de libros artesanales\u201d, que forma parte del proyecto \u201cReforzamiento a la lengua maya\u201d, a cargo de Ricardo Enrique Cetina Flores y Rogelio Ak\u00e9 Mugarte, supervisores de Educaci\u00f3n Ind\u00edgena ganadores del Premio ABC 2017 otorgado por Mexicanos Primero.<u><\/u><u><\/u><\/p>\n<p>Asimismo, ante m\u00e1s de 100 asistentes, se abordar\u00e1 temas para la difusi\u00f3n de esta cultura de tradiciones milenarias en siete eventos relacionados con las letras, como las mesas \u201cCantares de Dzitbalch\u00e9: Consideraciones en torno a su vigencia expresiva\u201d, \u201cFortalezas y debilidades ret\u00f3ricas de la literatura maya actual\u201d y \u201cCoordenadas est\u00e9ticas de la literatura maya yucateca en el siglo XXI\u201d. Tambi\u00e9n, dos recitales literarios y el panel \u201cLecturas femeninas del Popol Vuh\u201d.<\/p><\/p>\n","protected":false},"excerpt":{"rendered":"<p>Se realiza el segundo Encuentro de Escritores Mayas de la Pen\u00ednsula de Yucat\u00e1n.<\/p>\n","protected":false},"author":1018,"featured_media":0,"comment_status":"open","ping_status":"open","sticky":false,"template":"","format":"standard","meta":{"tdm_status":"","tdm_grid_status":"","footnotes":""},"categories":[21],"tags":[],"_links":{"self":[{"href":"https:\/\/dralvarez.com.mx\/larevista\/wp-json\/wp\/v2\/posts\/59386"}],"collection":[{"href":"https:\/\/dralvarez.com.mx\/larevista\/wp-json\/wp\/v2\/posts"}],"about":[{"href":"https:\/\/dralvarez.com.mx\/larevista\/wp-json\/wp\/v2\/types\/post"}],"author":[{"embeddable":true,"href":"https:\/\/dralvarez.com.mx\/larevista\/wp-json\/wp\/v2\/users\/1018"}],"replies":[{"embeddable":true,"href":"https:\/\/dralvarez.com.mx\/larevista\/wp-json\/wp\/v2\/comments?post=59386"}],"version-history":[{"count":0,"href":"https:\/\/dralvarez.com.mx\/larevista\/wp-json\/wp\/v2\/posts\/59386\/revisions"}],"wp:attachment":[{"href":"https:\/\/dralvarez.com.mx\/larevista\/wp-json\/wp\/v2\/media?parent=59386"}],"wp:term":[{"taxonomy":"category","embeddable":true,"href":"https:\/\/dralvarez.com.mx\/larevista\/wp-json\/wp\/v2\/categories?post=59386"},{"taxonomy":"post_tag","embeddable":true,"href":"https:\/\/dralvarez.com.mx\/larevista\/wp-json\/wp\/v2\/tags?post=59386"}],"curies":[{"name":"wp","href":"https:\/\/api.w.org\/{rel}","templated":true}]}}