{"id":59380,"date":"2017-10-23T00:00:00","date_gmt":"2017-10-23T06:00:00","guid":{"rendered":"https:\/\/dralvarez.com.mx\/larevista\/blog\/escudo-yucatan-fortalece-el-vinculo-entre-sociedad-y-gobierno-roberto-rodriguez-asaf-18997"},"modified":"2017-10-23T00:00:00","modified_gmt":"2017-10-23T06:00:00","slug":"escudo-yucatan-fortalece-el-vinculo-entre-sociedad-y-gobierno-roberto-rodriguez-asaf-18997","status":"publish","type":"post","link":"https:\/\/dralvarez.com.mx\/larevista\/yucatan\/escudo-yucatan-fortalece-el-vinculo-entre-sociedad-y-gobierno-roberto-rodriguez-asaf-18997","title":{"rendered":"Escudo Yucat\u00e1n fortalece el v\u00ednculo entre sociedad y gobierno: Roberto Rodr\u00edguez Asaf"},"content":{"rendered":"<\/p>\n<p>M\u00e9rida, Yucat\u00e1n, 22 de octubre de 2017.- El Secretario General de Gobierno, Roberto Rodr\u00edguez Asaf, mencion\u00f3 que, \u201cEscudo Yucat\u00e1n tiene entre sus objetivos fortalecer el v\u00ednculo entre gobierno y sociedad, con el fin de hacer equipo en las tareas demantener la paz y la tranquilidad en nuestro Estado&#8221;.<\/p>\n<p>En ese sentido hizo hincapi\u00e9 en que \u201ces importanteque toda la sociedad conozca los resultados del trabajo que se hace para que Yucat\u00e1n siga siendo un lugar seguro\u201d.<\/p>\n<p>&#8220;Queremos que la ciudadan\u00eda sepa los esfuerzos que se realizan, que conozca los avances de Escudo Yucat\u00e1n y los pasos que hemos dado hacia adelante\u201d.<\/p>\n<p>Destac\u00f3 el caso de los Comit\u00e9s de polic\u00eda vecinal, programa cuya meta inicial era formar 200 Comit\u00e9s. Esta meta se ha cumplido e incluso rebasado.<\/p>\n<p>&#8220;Hace un a\u00f1o iniciamos con la instalaci\u00f3n de 527 comit\u00e9s y al d\u00eda de hoy tenemos 2,301 en diferentes colonias&#8221;, inform\u00f3.<\/p>\n<p>Los Comit\u00e9s de polic\u00eda vecinal est\u00e1n distribuidos tanto en M\u00e9rida como en el interior del Estado y, en ambos casos su crecimiento ha sido exponencial, coment\u00f3 Rodr\u00edguez Asaf.<\/p>\n<p>&#8220;En M\u00e9rida iniciamos con 76 comit\u00e9s en la zona norte y ahora ya son 289; en el Centro empezamos con 41 y ahora hay 299; el Sur ten\u00eda 139 y ahora son 454; en el Poniente, partimos con 178 y ahora se cuenta con 455; el Oriente creci\u00f3 de 93 a 493&#8221;, detall\u00f3.<\/p>\n<p>De igual forma, coment\u00f3 que en los dem\u00e1s municipios no hab\u00eda ning\u00fan Comit\u00e9 y ahora ya son 311.<\/p>\n<p>&#8220;Y seguiremos trabajando para integrar a m\u00e1s ciudadanos a estos esfuerzos y as\u00ed, m\u00e1s habitantes tengan participaci\u00f3n en las tareas de prevenci\u00f3n, colaboraci\u00f3n e identificaci\u00f3n de la problem\u00e1tica de seguridad de sus comunidades, para atenderlas y mantener nuestro Yucat\u00e1n con los niveles de seguridad que la sociedad merece&#8221;, concluy\u00f3.<\/p><\/p>\n","protected":false},"excerpt":{"rendered":"<p>El Secretario General de Gobierno, Roberto Rodr\u00edguez Asaf, mencion\u00f3 que, \u201cEscudo Yucat\u00e1n tiene entre sus objetivos fortalecer el v\u00ednculo entre gobiern<\/p>\n","protected":false},"author":1018,"featured_media":0,"comment_status":"open","ping_status":"open","sticky":false,"template":"","format":"standard","meta":{"tdm_status":"","tdm_grid_status":"","footnotes":""},"categories":[21],"tags":[],"_links":{"self":[{"href":"https:\/\/dralvarez.com.mx\/larevista\/wp-json\/wp\/v2\/posts\/59380"}],"collection":[{"href":"https:\/\/dralvarez.com.mx\/larevista\/wp-json\/wp\/v2\/posts"}],"about":[{"href":"https:\/\/dralvarez.com.mx\/larevista\/wp-json\/wp\/v2\/types\/post"}],"author":[{"embeddable":true,"href":"https:\/\/dralvarez.com.mx\/larevista\/wp-json\/wp\/v2\/users\/1018"}],"replies":[{"embeddable":true,"href":"https:\/\/dralvarez.com.mx\/larevista\/wp-json\/wp\/v2\/comments?post=59380"}],"version-history":[{"count":0,"href":"https:\/\/dralvarez.com.mx\/larevista\/wp-json\/wp\/v2\/posts\/59380\/revisions"}],"wp:attachment":[{"href":"https:\/\/dralvarez.com.mx\/larevista\/wp-json\/wp\/v2\/media?parent=59380"}],"wp:term":[{"taxonomy":"category","embeddable":true,"href":"https:\/\/dralvarez.com.mx\/larevista\/wp-json\/wp\/v2\/categories?post=59380"},{"taxonomy":"post_tag","embeddable":true,"href":"https:\/\/dralvarez.com.mx\/larevista\/wp-json\/wp\/v2\/tags?post=59380"}],"curies":[{"name":"wp","href":"https:\/\/api.w.org\/{rel}","templated":true}]}}