{"id":59351,"date":"2017-10-23T00:00:00","date_gmt":"2017-10-23T06:00:00","guid":{"rendered":"https:\/\/dralvarez.com.mx\/larevista\/blog\/paso-firme-en-la-erradicacion-de-la-violencia-contra-las-mujeres-18968"},"modified":"2017-10-23T00:00:00","modified_gmt":"2017-10-23T06:00:00","slug":"paso-firme-en-la-erradicacion-de-la-violencia-contra-las-mujeres-18968","status":"publish","type":"post","link":"https:\/\/dralvarez.com.mx\/larevista\/yucatan\/paso-firme-en-la-erradicacion-de-la-violencia-contra-las-mujeres-18968","title":{"rendered":"Paso firme, en la erradicaci\u00f3n de la violencia contra las mujeres"},"content":{"rendered":"<\/p>\n<div>\n<p>Para vigilar el cumplimiento de los acuerdos adoptados y presentar nuevas propuestas de trabajo, el Consejo Estatal para la Prevenci\u00f3n, Atenci\u00f3n, Sanci\u00f3n y Erradicaci\u00f3n de la Violencia contra las Mujeres llev\u00f3 a cabo su tercera sesi\u00f3n ordinaria.<\/p>\n<p>El evento se realiz\u00f3 en el Aula Magna de la Universidad Tecnol\u00f3gica Metropolitana (UTM) y estuvo presidido por el titular de la Secretar\u00eda General de Gobierno (SSG), Roberto Rodr\u00edguez Asaf, y la directora del Instituto para la Igualdad entre Mujeres y Hombres (Ipiemh), Alaine L\u00f3pez Brice\u00f1o, quienes fungen respectivamente como presidente y secretaria Ejecutiva del Consejo.<\/p>\n<p>Como punto principal, se present\u00f3 el informe del grupo de trabajo para atender la solicitud de Alerta de Violencia de G\u00e9nero contra las Mujeres en la entidad para los municipios de Hunucm\u00e1, Kanas\u00edn, M\u00e9rida, Peto, Progreso, Tekax, Ticul, Tizim\u00edn, Um\u00e1n y Valladolid.<\/p>\n<p>Ante el vicefiscal de Investigaci\u00f3n y Control de Procesos, Jes\u00fas Armando Pacheco May, se dio a conocer el reporte trimestral, as\u00ed como los trabajos realizados en las sesiones ordinarias en la materia, tanto la 31 del Sistema Nacional de Prevenci\u00f3n, Atenci\u00f3n, Sanci\u00f3n y Erradicaci\u00f3n de la Violencia como la 25 de la Comisi\u00f3n de Erradicaci\u00f3n de este organismo.<\/p>\n<p>Se cont\u00f3 con la participaci\u00f3n de representantes de las Secretar\u00edas de Educaci\u00f3n (Segey), Salud (SSY), Desarrollo Social (Sedesol), Trabajo y Previsi\u00f3n Social (STPS) y Seguridad P\u00fablica (SSP). Asimismo, de la Fiscal\u00eda General del Estado (FGE), del Tribunal Superior de Justicia y del Sistema para el Desarrollo Integral de la Familia (DIF) Yucat\u00e1n.<\/p>\n<p>De acuerdo a la Ley de Acceso de las Mujeres a una Vida Libre de Violencia del Estado de Yucat\u00e1n, el Consejo Estatal tiene por objeto desarrollar las funciones de coordinaci\u00f3n, planeaci\u00f3n, implementaci\u00f3n y seguimiento de las actividades que corresponden al Sistema Estatal, adem\u00e1s de verificar la implementaci\u00f3n de los acuerdos, pol\u00edticas y lineamientos que emita el \u00f3rgano federal hermano.<\/p>\n<\/div>\n","protected":false},"excerpt":{"rendered":"<p>Sesiona el Consejo Estatal en la materia.<\/p>\n","protected":false},"author":1018,"featured_media":0,"comment_status":"open","ping_status":"open","sticky":false,"template":"","format":"standard","meta":{"tdm_status":"","tdm_grid_status":"","footnotes":""},"categories":[21],"tags":[],"_links":{"self":[{"href":"https:\/\/dralvarez.com.mx\/larevista\/wp-json\/wp\/v2\/posts\/59351"}],"collection":[{"href":"https:\/\/dralvarez.com.mx\/larevista\/wp-json\/wp\/v2\/posts"}],"about":[{"href":"https:\/\/dralvarez.com.mx\/larevista\/wp-json\/wp\/v2\/types\/post"}],"author":[{"embeddable":true,"href":"https:\/\/dralvarez.com.mx\/larevista\/wp-json\/wp\/v2\/users\/1018"}],"replies":[{"embeddable":true,"href":"https:\/\/dralvarez.com.mx\/larevista\/wp-json\/wp\/v2\/comments?post=59351"}],"version-history":[{"count":0,"href":"https:\/\/dralvarez.com.mx\/larevista\/wp-json\/wp\/v2\/posts\/59351\/revisions"}],"wp:attachment":[{"href":"https:\/\/dralvarez.com.mx\/larevista\/wp-json\/wp\/v2\/media?parent=59351"}],"wp:term":[{"taxonomy":"category","embeddable":true,"href":"https:\/\/dralvarez.com.mx\/larevista\/wp-json\/wp\/v2\/categories?post=59351"},{"taxonomy":"post_tag","embeddable":true,"href":"https:\/\/dralvarez.com.mx\/larevista\/wp-json\/wp\/v2\/tags?post=59351"}],"curies":[{"name":"wp","href":"https:\/\/api.w.org\/{rel}","templated":true}]}}