{"id":59349,"date":"2017-10-23T00:00:00","date_gmt":"2017-10-23T06:00:00","guid":{"rendered":"https:\/\/dralvarez.com.mx\/larevista\/blog\/indicadores-de-seguridad-son-el-reflejo-de-las-acciones-de-gobierno-y-sociedad-roberto-rodriguez-asaf-18966"},"modified":"2017-10-23T00:00:00","modified_gmt":"2017-10-23T06:00:00","slug":"indicadores-de-seguridad-son-el-reflejo-de-las-acciones-de-gobierno-y-sociedad-roberto-rodriguez-asaf-18966","status":"publish","type":"post","link":"https:\/\/dralvarez.com.mx\/larevista\/yucatan\/indicadores-de-seguridad-son-el-reflejo-de-las-acciones-de-gobierno-y-sociedad-roberto-rodriguez-asaf-18966","title":{"rendered":"Indicadores de seguridad son el reflejo de las acciones de gobierno y sociedad: Roberto Rodr\u00edguez Asaf"},"content":{"rendered":"<\/p>\n<p>&#8220;Los buenos indicadores de seguridad que reportan los organismos nacionales son el reflejo del trabajo conjunto de gobierno y sociedad&#8221;, destac\u00f3 el secretario general de Gobierno, Roberto Rodr\u00edguez Asaf.<\/p>\n<p>El segundo al mando del gobierno estatal se\u00f1al\u00f3 que &#8220;es gracias a la confianza de los ciudadanos y su participaci\u00f3n en las acciones que coordina la administraci\u00f3n del gobernador Rolando Zapata, que se puede mantener la tranquilidad en nuestra entidad&#8221;.<\/p>\n<p>&#8220;La buena marcha de los  esfuerzos de seguridad tiene su expresi\u00f3n en los datos que arroja la reci\u00e9n Encuesta Nacional de Victimizaci\u00f3n y Percepci\u00f3n sobre Seguridad P\u00fablica (ENVIPE) 2017 realizada por el INEGI&#8221;, afirm\u00f3.<\/p>\n<p>El funcionario destac\u00f3 que en cuanto a las V\u00edctimas de Delitos, en Yucat\u00e1n hubo una baja del 4% respecto al a\u00f1o anterior, y en cuanto a la Tasa de Delitos hubo un decremento del 8.2% respecto al mismo lapso.<\/p>\n<p>&#8220;Esto hace que Yucat\u00e1n se ubique entre los estados que han registrado m\u00e1s bajas en la incidencia de delitos&#8221;, coment\u00f3.<\/p>\n<p>Sin embargo, dijo, &#8220;no debemos bajar la guardia. Est\u00e1 comprobado que vamos por buen camino, pero debemos mantener el esfuerzo y el buen entendimiento con la ciudadan\u00eda para que las cifras de seguridad sean las que la sociedad yucateca demanda&#8221;.<\/p>\n<p>&#8220;A nivel nacional, somos el Estado en el que la ciudadan\u00eda tiene el menor porcentaje de percepci\u00f3n de inseguridad y \u00e9se es un m\u00e9rito de todos&#8221;, mencion\u00f3.<\/p>\n<p>Estos indicadores, observ\u00f3, &#8220;son una motivaci\u00f3n para todos los que trabajamos en las pol\u00edticas de seguridad del Estado, pero nos obligan a mantener el paso, siempre con el concurso de la sociedad&#8221;.<\/p><\/p>\n","protected":false},"excerpt":{"rendered":"<p>&#8220;Los buenos indicadores de seguridad que reportan los organismos nacionales son el reflejo del trabajo conjunto de gobierno y sociedad&#8221;, destac\u00f3 el se<\/p>\n","protected":false},"author":1018,"featured_media":0,"comment_status":"open","ping_status":"open","sticky":false,"template":"","format":"standard","meta":{"tdm_status":"","tdm_grid_status":"","footnotes":""},"categories":[21],"tags":[],"_links":{"self":[{"href":"https:\/\/dralvarez.com.mx\/larevista\/wp-json\/wp\/v2\/posts\/59349"}],"collection":[{"href":"https:\/\/dralvarez.com.mx\/larevista\/wp-json\/wp\/v2\/posts"}],"about":[{"href":"https:\/\/dralvarez.com.mx\/larevista\/wp-json\/wp\/v2\/types\/post"}],"author":[{"embeddable":true,"href":"https:\/\/dralvarez.com.mx\/larevista\/wp-json\/wp\/v2\/users\/1018"}],"replies":[{"embeddable":true,"href":"https:\/\/dralvarez.com.mx\/larevista\/wp-json\/wp\/v2\/comments?post=59349"}],"version-history":[{"count":0,"href":"https:\/\/dralvarez.com.mx\/larevista\/wp-json\/wp\/v2\/posts\/59349\/revisions"}],"wp:attachment":[{"href":"https:\/\/dralvarez.com.mx\/larevista\/wp-json\/wp\/v2\/media?parent=59349"}],"wp:term":[{"taxonomy":"category","embeddable":true,"href":"https:\/\/dralvarez.com.mx\/larevista\/wp-json\/wp\/v2\/categories?post=59349"},{"taxonomy":"post_tag","embeddable":true,"href":"https:\/\/dralvarez.com.mx\/larevista\/wp-json\/wp\/v2\/tags?post=59349"}],"curies":[{"name":"wp","href":"https:\/\/api.w.org\/{rel}","templated":true}]}}