{"id":59347,"date":"2017-10-23T00:00:00","date_gmt":"2017-10-23T06:00:00","guid":{"rendered":"https:\/\/dralvarez.com.mx\/larevista\/blog\/exitoso-torneo-del-amigolibo-18964"},"modified":"2017-10-23T00:00:00","modified_gmt":"2017-10-23T06:00:00","slug":"exitoso-torneo-del-amigolibo-18964","status":"publish","type":"post","link":"https:\/\/dralvarez.com.mx\/larevista\/yucatan\/exitoso-torneo-del-amigolibo-18964","title":{"rendered":"Exitoso torneo del #AmigoLibo"},"content":{"rendered":"<\/p>\n<p>El concurso de \u201cClash Royal\u201d, en el que participaron 280 j\u00f3venes y que reuni\u00f3 a m\u00e1s de 400 personas en el Fraccionamiento del Parque el domingo pasado, fue organizado por Liborio Vidal Aguilar, un empresario y pol\u00edtico que ha generado diversas formas para captar el inter\u00e9s de los j\u00f3venes para que puedan dejar a un lado el prejuicio de que la pol\u00edtica es aburrida y s\u00f3lo es para los adultos.<\/p>\n<p>De acuerdo con el estudio presentado por Ollin J\u00f3venes en Movimiento A.C., una de las agrupaciones m\u00e1s importantes en temas de la juventud, la poblaci\u00f3n juvenil yucateca tiene baja participaci\u00f3n en el gobierno y los partidos pol\u00edticos, sin embargo la directora general de esta organizaci\u00f3n, destac\u00f3 que hay una alta participaci\u00f3n en colectivos y hay inter\u00e9s en causas sociales.<\/p>\n<p>En su ejercicio como diputado federal, Liborio Vidal ha organizado eventos atractivos para la juventud entre los que destacan el Pok\u00e9torneo, las siembras de libros, la Copa Fifa #AmigoLibo, flashmobs para reconocer a ciudadanos ejemplares, la \u201cgran caninata\u201d, que llev\u00f3 #DonoMiSueldo a rescatistas y agrupaciones protectoras de animales, y ahora el torneo \u201cClash Royal\u201d.<\/p>\n<p>Este \u00faltimo es un videojuego que ha generado gran inter\u00e9s en los j\u00f3venes, quienes tienen acceso a \u00e9l a trav\u00e9s de una aplicaci\u00f3n para plataformas m\u00f3viles, la respuesta en las redes sociales de Liborio Vidal no se hicieron esperar, la convocatoria fue compartida m\u00e1s de mil veces, tuvo dos mil 120 reacciones de \u201cme gusta\u201d, \u201cme divierte\u201d y \u201cme encanta\u201d, as\u00ed como alrededor de tres mil comentarios.<\/p>\n<p>El #AmigoLibo coment\u00f3 que muy pronto organizar\u00e1n nuevas actividades relacionadas con los temas de inter\u00e9s de la juventud pues considera que al mostrar un lado amable disminuir\u00e1 la resistencia que tienen las nuevas generaciones hacia los temas de la vida p\u00fablica.<\/p>\n<p>\u201cSomos nosotros quienes debemos generar el inter\u00e9s de los chavos por lo que pasa en nuestro Estado, hemos comprobado que los j\u00f3venes quieren divertirse sanamente, quieren m\u00e1s espacios de convivencia y esparcimiento pero tambi\u00e9n quieren participar en temas sobre responsabilidad social y est\u00e1n listos para asumir m\u00e1s responsabilidades\u201d, manifest\u00f3.<\/p><\/p>\n","protected":false},"excerpt":{"rendered":"<p>Liborio Vidal se comunica en el lenguaje de los j\u00f3venes.<\/p>\n","protected":false},"author":1018,"featured_media":0,"comment_status":"open","ping_status":"open","sticky":false,"template":"","format":"standard","meta":{"tdm_status":"","tdm_grid_status":"","footnotes":""},"categories":[21],"tags":[],"_links":{"self":[{"href":"https:\/\/dralvarez.com.mx\/larevista\/wp-json\/wp\/v2\/posts\/59347"}],"collection":[{"href":"https:\/\/dralvarez.com.mx\/larevista\/wp-json\/wp\/v2\/posts"}],"about":[{"href":"https:\/\/dralvarez.com.mx\/larevista\/wp-json\/wp\/v2\/types\/post"}],"author":[{"embeddable":true,"href":"https:\/\/dralvarez.com.mx\/larevista\/wp-json\/wp\/v2\/users\/1018"}],"replies":[{"embeddable":true,"href":"https:\/\/dralvarez.com.mx\/larevista\/wp-json\/wp\/v2\/comments?post=59347"}],"version-history":[{"count":0,"href":"https:\/\/dralvarez.com.mx\/larevista\/wp-json\/wp\/v2\/posts\/59347\/revisions"}],"wp:attachment":[{"href":"https:\/\/dralvarez.com.mx\/larevista\/wp-json\/wp\/v2\/media?parent=59347"}],"wp:term":[{"taxonomy":"category","embeddable":true,"href":"https:\/\/dralvarez.com.mx\/larevista\/wp-json\/wp\/v2\/categories?post=59347"},{"taxonomy":"post_tag","embeddable":true,"href":"https:\/\/dralvarez.com.mx\/larevista\/wp-json\/wp\/v2\/tags?post=59347"}],"curies":[{"name":"wp","href":"https:\/\/api.w.org\/{rel}","templated":true}]}}