{"id":59334,"date":"2017-10-20T00:00:00","date_gmt":"2017-10-20T06:00:00","guid":{"rendered":"https:\/\/dralvarez.com.mx\/larevista\/blog\/consejero-de-la-cndh-pide-plena-inclusion-educativa-de-las-personas-con-discapacidad-18950"},"modified":"2017-10-20T00:00:00","modified_gmt":"2017-10-20T06:00:00","slug":"consejero-de-la-cndh-pide-plena-inclusion-educativa-de-las-personas-con-discapacidad-18950","status":"publish","type":"post","link":"https:\/\/dralvarez.com.mx\/larevista\/yucatan\/consejero-de-la-cndh-pide-plena-inclusion-educativa-de-las-personas-con-discapacidad-18950","title":{"rendered":"Consejero de la CNDH pide plena inclusi\u00f3n educativa de las personas con discapacidad"},"content":{"rendered":"<p>M\u00e9rida, Yuc., a 20 de octubre de 2017.- El Consejero de la Comisi\u00f3n Nacional de los Derechos Humanos, Alberto Manuel Athi\u00e9 Gallo se\u00f1al\u00f3 durante una pl\u00e1tica con docentes de la Secretar\u00eda de Educaci\u00f3n de Yucat\u00e1n, que el reto de M\u00e9xico es lograr la plena inclusi\u00f3n en el \u00e1mbito educativo de las ni\u00f1as y ni\u00f1os con discapacidad, as\u00ed como de los que enfrentan cambios de conductas por ser v\u00edctimas de diferentes tipos de violencia.<\/p>\n<p>En la pl\u00e1tica de sensibilizaci\u00f3n que promovi\u00f3 la Comisi\u00f3n de Derechos Humanos del Estado de Yucat\u00e1n, el conferencista precis\u00f3 que la tendencia actual es que las ni\u00f1as y ni\u00f1os con discapacidad participen en escuelas como todos los estudiantes, y reciban atenci\u00f3n de especializada dentro de ese ambiente sin descuidar a los que no tienen discapacidad.<\/p>\n<p>Ante  directores de preescolar, primarias, secundarias, as\u00ed como de educaci\u00f3n ind\u00edgena, indic\u00f3 que a la atenci\u00f3n de estudiantes con discapacidad, se suman otro tipo de problemas como los cambios de conductas de ni\u00f1as y ni\u00f1os que viven diferentes tipos de violencia y que est\u00e1 afectando la forma en la que se relacionan en las aulas.<\/p>\n<p>El activista y asesor en derechos humanos durante 40 a\u00f1os, record\u00f3 que hasta hace algunos a\u00f1os, se pensaba que la atenci\u00f3n de personas con discapacidad era competencia exclusiva de especialistas m\u00e9dicos,  por lo que se les exclu\u00eda de espacios educativos.<\/p>\n<p>\u201cEl tema no es la atenci\u00f3n especial, es la inclusi\u00f3n plena. Las personas con discapacidad deben ser incluidas en las aulas\u201d, remarc\u00f3.<\/p>\n<p>El Representante ciudadano de v\u00edctimas sobrevivientes de abuso sexual en M\u00e9xico ante el Comit\u00e9 de los Derechos del Ni\u00f1o de Naciones Unidas, hizo un llamado a transformar nuestra cultura, cosmovisi\u00f3n y estructura para que seamos agentes que propicien la plena inclusi\u00f3n educativa.<\/p>\n<p>Record\u00f3 que en enero de 2018, M\u00e9xico deber\u00e1 rendir ante el Comit\u00e9 de las Naciones Unidas sobre los Derechos de las Personas con Discapacidad el informe sobre los avances y retos de los \u00faltimos cinco a\u00f1os, del cual se esperan recomendaciones que ayudar\u00e1n a fomentar la plena y verdadera inclusi\u00f3n educativa.<\/p>\n<p>El Consejero de la CNDH record\u00f3 que el tema de la inclusi\u00f3n nos compete a todos como sociedad, para lograr que las personas con diferentes discapacidades sean aut\u00f3nomas y que puedan trabajar para lograr su independencia.<\/p>\n<p>Los directores de los diferentes niveles educativos compartieron sus experiencias y plantearon propuestas para mejorar la atenci\u00f3n de los estudiantes con discapacidad en las aulas.<\/p>\n<p>A la conferencia, que se realiz\u00f3 en el auditorio de la Secretar\u00eda de Educaci\u00f3n de Yucat\u00e1n, asisti\u00f3 el Secretario Ejecutivo de la CODHEY, Miguel Sabido Santana; la Directora de Educaci\u00f3n Especial de la Segey, Flor Escalante Centeno; la Consejera de la CODHEY, Miriam Jure Cej\u00edn; as\u00ed como los integrantes del Comit\u00e9 t\u00e9cnico del monitoreo de la Convenci\u00f3n sobre los Derechos de las Personas con Discapacidad en Yucat\u00e1n, Jenny Niceldy Dzib Gamboa, Dulce Caballero Encalada y Janeth Polito Garc\u00eda.<\/p>\n","protected":false},"excerpt":{"rendered":"<p>Alberto Athi\u00e9 imparte pl\u00e1tica a personal de la Segey.<\/p>\n","protected":false},"author":1018,"featured_media":0,"comment_status":"open","ping_status":"open","sticky":false,"template":"","format":"standard","meta":{"tdm_status":"","tdm_grid_status":"","footnotes":""},"categories":[21],"tags":[],"_links":{"self":[{"href":"https:\/\/dralvarez.com.mx\/larevista\/wp-json\/wp\/v2\/posts\/59334"}],"collection":[{"href":"https:\/\/dralvarez.com.mx\/larevista\/wp-json\/wp\/v2\/posts"}],"about":[{"href":"https:\/\/dralvarez.com.mx\/larevista\/wp-json\/wp\/v2\/types\/post"}],"author":[{"embeddable":true,"href":"https:\/\/dralvarez.com.mx\/larevista\/wp-json\/wp\/v2\/users\/1018"}],"replies":[{"embeddable":true,"href":"https:\/\/dralvarez.com.mx\/larevista\/wp-json\/wp\/v2\/comments?post=59334"}],"version-history":[{"count":0,"href":"https:\/\/dralvarez.com.mx\/larevista\/wp-json\/wp\/v2\/posts\/59334\/revisions"}],"wp:attachment":[{"href":"https:\/\/dralvarez.com.mx\/larevista\/wp-json\/wp\/v2\/media?parent=59334"}],"wp:term":[{"taxonomy":"category","embeddable":true,"href":"https:\/\/dralvarez.com.mx\/larevista\/wp-json\/wp\/v2\/categories?post=59334"},{"taxonomy":"post_tag","embeddable":true,"href":"https:\/\/dralvarez.com.mx\/larevista\/wp-json\/wp\/v2\/tags?post=59334"}],"curies":[{"name":"wp","href":"https:\/\/api.w.org\/{rel}","templated":true}]}}