{"id":59333,"date":"2017-10-20T00:00:00","date_gmt":"2017-10-20T06:00:00","guid":{"rendered":"https:\/\/dralvarez.com.mx\/larevista\/blog\/anuncian-segunda-carrera-bachoco-18949"},"modified":"2017-10-20T00:00:00","modified_gmt":"2017-10-20T06:00:00","slug":"anuncian-segunda-carrera-bachoco-18949","status":"publish","type":"post","link":"https:\/\/dralvarez.com.mx\/larevista\/yucatan\/anuncian-segunda-carrera-bachoco-18949","title":{"rendered":"Anuncian segunda Carrera Bachoco"},"content":{"rendered":"<\/p>\n<p>M\u00e9rida, Yucat\u00e1n, 20 de octubre de 2017.- Con la premisa de sumar<br \/>\nvoluntades para apoyar a m\u00e1s personas en situaci\u00f3n de vulnerabilidad,<br \/>\nautoridades del Grupo Bachoco y del Sistema para el Desarrollo Integral de la<br \/>\nFamilia (DIF) estatal presentaron la segunda Carrera \u201cUnidos por la<br \/>\nAlimentaci\u00f3n\u201d, que se efectuar\u00e1 el domingo 22 de octubre a las 7:00 horas en el<br \/>\ncentro de Um\u00e1n.<\/p>\n<p>En rueda de prensa, el director General del organismo de<br \/>\nasistencia social, Jos\u00e9 Limber Sosa Lara, reconoci\u00f3 que la empresa adem\u00e1s de<br \/>\nestar generando un gran n\u00famero de empleos en la entidad, refrenda su<br \/>\nresponsabilidad social con este tipo de actividades que promueven la activaci\u00f3n<br \/>\nf\u00edsica, la integraci\u00f3n familiar y la nutrici\u00f3n de los yucatecos.<\/p>\n<p>\u201cAgradecemos que por segunda ocasi\u00f3n Grupo Bachoco respalde<br \/>\nnuestros trabajos para asegurar la alimentaci\u00f3n de quienes m\u00e1s necesidades<br \/>\ntienen\u201d, asegur\u00f3 el funcionario tras recordar que junto con la<br \/>\nPresidenta del DIF, Sarita Blancarte de Zapata, convirtieron lo recaudado en<br \/>\nla primera edici\u00f3n en despenas completas para hogares de Yalsih\u00f3n, Panab\u00e1, as\u00ed<br \/>\ncomo de San Juan Km. 4, Santa Elena, Santa Rosa Concepci\u00f3n, San Jos\u00e9 Conde, San<br \/>\nHip\u00f3lito y Luis Rosado Vega, comisar\u00edas de Tizim\u00edn.<\/p>\n<p>En representaci\u00f3n del l\u00edder nacional del corporativo, Rodolfo<br \/>\nRamos Arvizu, el gerente de la Unidad de Negocios en la Pen\u00ednsula, Javier<br \/>\nBarberena Quesada, inform\u00f3 que bajo el lema \u201cAlimentar de verdad\u201d, la cuota de<br \/>\nrecuperaci\u00f3n para la caminata de cinco kil\u00f3metros es la misma cantidad en<br \/>\nv\u00edveres, al igual que para la carrera de 10 kil\u00f3metros.<\/p>\n<p>\u201cPor cada kilo de alimentos que los deportistas entreguen, la<br \/>\nempresa aportar\u00e1 otro. Nuestra meta es superar las cinco toneladas de ayuda y<br \/>\nampliar los apoyos, adem\u00e1s de que estaremos trabajando con el DIF estatal para<br \/>\nmejorar la infraestructura de tres Espacios de Alimentaci\u00f3n, Encuentro y<br \/>\nDesarrollo\u201d, dijo ante la jefa de dichos comedores, Anna V\u00e1zquez Dorantes.<\/p>\n<p>Por su parte, el gerente de Recursos Humanos de Bachoco, Salvador<br \/>\nQui\u00f1ones L\u00f3pez, afirm\u00f3 que el objetivo de la empresa es ofrecer productos de<br \/>\ncalidad que garanticen una alimentaci\u00f3n sana y segura a la ni\u00f1ez para su mejor<br \/>\naprovechamiento escolar, pero tambi\u00e9n es hacer labor social contra este tipo de<br \/>\ncarencia.<\/p>\n<p>\u201cCon la buena voluntad de los competidores, que hasta el momento<br \/>\nson ya casi 300, y generando v\u00ednculos de colaboraci\u00f3n con instituciones como el<br \/>\nDIF, cumplimos nuestro fin de dirigir la responsabilidad social de Bachoco en<br \/>\nfavor del bienestar de nuestros colaboradores, de la comunidad y del entorno en<br \/>\ngeneral\u201d, destac\u00f3 previo a presentar la playera oficial de la campa\u00f1a 2017.<\/p>\n<p>Se inform\u00f3 que el m\u00f3dulo de inscripci\u00f3n se encuentra en la oficina<br \/>\ndel corporativo, ubicada en carretera M\u00e9rida &#8211; Um\u00e1n. Adem\u00e1s, durante la<br \/>\ncompetencia habr\u00e1 juegos y din\u00e1micas para ni\u00f1as y ni\u00f1os, as\u00ed como nutri\u00f3logos<br \/>\ndispuestos a brindar orientaci\u00f3n.<\/p><\/p>\n","protected":false},"excerpt":{"rendered":"<p>Lo recaudado beneficiar\u00e1 a usuarios de Espacios de Alimentaci\u00f3n del DIF Yucat\u00e1n.<\/p>\n","protected":false},"author":1018,"featured_media":0,"comment_status":"open","ping_status":"open","sticky":false,"template":"","format":"standard","meta":{"tdm_status":"","tdm_grid_status":"","footnotes":""},"categories":[21],"tags":[],"_links":{"self":[{"href":"https:\/\/dralvarez.com.mx\/larevista\/wp-json\/wp\/v2\/posts\/59333"}],"collection":[{"href":"https:\/\/dralvarez.com.mx\/larevista\/wp-json\/wp\/v2\/posts"}],"about":[{"href":"https:\/\/dralvarez.com.mx\/larevista\/wp-json\/wp\/v2\/types\/post"}],"author":[{"embeddable":true,"href":"https:\/\/dralvarez.com.mx\/larevista\/wp-json\/wp\/v2\/users\/1018"}],"replies":[{"embeddable":true,"href":"https:\/\/dralvarez.com.mx\/larevista\/wp-json\/wp\/v2\/comments?post=59333"}],"version-history":[{"count":0,"href":"https:\/\/dralvarez.com.mx\/larevista\/wp-json\/wp\/v2\/posts\/59333\/revisions"}],"wp:attachment":[{"href":"https:\/\/dralvarez.com.mx\/larevista\/wp-json\/wp\/v2\/media?parent=59333"}],"wp:term":[{"taxonomy":"category","embeddable":true,"href":"https:\/\/dralvarez.com.mx\/larevista\/wp-json\/wp\/v2\/categories?post=59333"},{"taxonomy":"post_tag","embeddable":true,"href":"https:\/\/dralvarez.com.mx\/larevista\/wp-json\/wp\/v2\/tags?post=59333"}],"curies":[{"name":"wp","href":"https:\/\/api.w.org\/{rel}","templated":true}]}}