{"id":59332,"date":"2017-10-20T00:00:00","date_gmt":"2017-10-20T06:00:00","guid":{"rendered":"https:\/\/dralvarez.com.mx\/larevista\/blog\/canaco-merida-anuncia-la-edicion-2017-del-buen-fin-18948"},"modified":"2017-10-20T00:00:00","modified_gmt":"2017-10-20T06:00:00","slug":"canaco-merida-anuncia-la-edicion-2017-del-buen-fin-18948","status":"publish","type":"post","link":"https:\/\/dralvarez.com.mx\/larevista\/yucatan\/canaco-merida-anuncia-la-edicion-2017-del-buen-fin-18948","title":{"rendered":"CANACO M\u00e9rida anuncia la edici\u00f3n 2017 del Buen Fin"},"content":{"rendered":"<\/p>\n<ul>\n<li><b><i>Esperan que participen m\u00e1s de 10 mil puntos de ventas en M\u00e9rida.&nbsp;<\/i><\/b><\/li>\n<li><b><i>CANACO M\u00e9rida prev\u00e9 incrementar 4% la derrama en comparaci\u00f3n con el 2016, que fue de 6 mmdp.&nbsp;<\/i><\/b><\/li>\n<\/ul>\n<p>M\u00e9rida Yucat\u00e1n, 20 de octubre de 2017.- La C\u00e1mara Nacional de Comercio, Servicios y Turismo (CANACO SERVYTUR) de M\u00e9rida, prev\u00e9 incrementar en 4 por ciento la derrama econ\u00f3mica de El Buen Fin 2017 en Yucat\u00e1n, en comparaci\u00f3n con el a\u00f1o pasado, cuando fue de 6 mil millones de pesos, as\u00ed como la participaci\u00f3n de m\u00e1s de 10 mil puntos de venta en toda la ciudad. <\/p>\n<p>Al presentar la edici\u00f3n de este evento comercial, que a nivel nacional coordina la CONCANACO, el presidente de la CANACO M\u00e9rida, Juan Jos\u00e9 Abraham Daguer, resalt\u00f3 que con la visi\u00f3n y la finalidad de motivar el consumo interno en el pa\u00eds, y ofrecer beneficios a quienes buscan realizar sus compras de fin de a\u00f1o de manera anticipada, los asociados se sumar\u00e1n al programa El Buen Fin 2017, que se realizar\u00e1 del 17 al 20 de noviembre pr\u00f3ximo. <\/p>\n<p>El dirigente empresarial se\u00f1al\u00f3 que en su s\u00e9ptima edici\u00f3n este evento comercial muestra la confianza que los empresarios tienen depositada en su organizaci\u00f3n, pues participan convencidos de que durante los d\u00edas del denominado fin de semana m\u00e1s barato del a\u00f1o, elevan sus ventas. <\/p>\n<p>A\u00f1adi\u00f3 que el a\u00f1o pasado el 60 por ciento de las compras se realizaron a trav\u00e9s de pago en efectivo o por tarjetas de debito, por lo que cada vez es menor el uso que se le da a las tarjetas de cr\u00e9dito para este evento. <\/p>\n<p>De igual forma, se\u00f1al\u00f3 que para una gran mayor\u00eda de mexicanos este evento ya est\u00e1 incluido en su calendario y en su presupuesto anual, porque los esperan para adquirir una amplia gama de productos, art\u00edculos y servicios con ofertas y promociones que satisfacen sus necesidades y gustos. <\/p>\n<p>Abraham Daguer, coment\u00f3 que para la CANACO M\u00e9rida El Buen Fin, significa la integraci\u00f3n de los comerciantes y prestadores de servicios de diversos giros, de M\u00e9rida y del interior del estado, que se unen bajo el logo de este programa, para conquistar al p\u00fablico y mantener activa la econom\u00eda del estado. <\/p>\n<p>\u201cDe esta forma los empresarios de los sectores, comercio, servicios y turismo ofrecer\u00e1n durante cuatro d\u00edas, productos y servicios de calidad, con garant\u00eda para el consumidor y a precios que s\u00f3lo en esta \u00e9poca del a\u00f1os se tiene\u201d. <\/p>\n<p>El dirigente empresarial se\u00f1al\u00f3 que El Buen Fin basa su \u00e9xito en la confianza de los consumidores, quienes en las ediciones anteriores constataron que las ofertas y promociones son reales y \u00fanicas, pero sobre todo en la responsabilidad de los empresarios de actuar con \u00e9tica y de manera comprometida con los compradores. <\/p>\n<p>\u201cEstamos convencidos que M\u00e9rida, por ser la capital comercial del sureste, recibir\u00e1 a miles de compradores de otros municipios y estados que encontrar\u00e1n en los diversos comercios una gran gama de productos y servicios\u201d, dijo. <\/p>\n<p>Por su parte, el delegado de la Profeco en Yucat\u00e1n, Jos\u00e9 Antonio Nev\u00e1rez Cervera, se\u00f1al\u00f3 que se montar\u00e1 vigilancia especial los cuatro d\u00edas que dure el evento, para garantizar al consumidor que las ofertas y promociones sean cumplidas a cabalidad por los comercios participantes del evento. <\/p>\n<p>En su oportunidad, el coordinador general de Pol\u00edtica Comunitaria del Ayuntamiento de M\u00e9rida, V\u00edctor Hugo Lozano Poveda, inform\u00f3 que la comuna de la ciudad adelantar\u00e1 el pago del 25% de aguinaldo a sus trabajadores tanto en activo como a los jubilados, por lo cual estim\u00f3 una erogaci\u00f3n de m\u00e1s de 20 millones de pesos. Adem\u00e1s que la comuna por el Buen Fin realizar\u00e1 descuentos del 50% en multas y recargos en el pago del predial. <\/p>\n<p>Al evento asistieron Etzrra Mena Larra\u00f1aga, director de promoci\u00f3n de la Sefoe, Luis Jorge Parra Arceo, consejero de la Judicatura del estado, Mario Arturo Romero Escalante, director de la Polic\u00eda Municipal, Rafael Chaires Cuevas, director de Seguridad Ciudadana de la SSP, Juan Carlos Azar Rivero, director general del Fondo Yucat\u00e1n de la Sefoe y Jorge Selem Aguilar, representante de Plaza Fiesta. <\/p>\n","protected":false},"excerpt":{"rendered":"<p>Esperan que participen m\u00e1s de 10 mil puntos de ventas en M\u00e9rida.<\/p>\n","protected":false},"author":1018,"featured_media":0,"comment_status":"open","ping_status":"open","sticky":false,"template":"","format":"standard","meta":{"tdm_status":"","tdm_grid_status":"","footnotes":""},"categories":[21],"tags":[],"_links":{"self":[{"href":"https:\/\/dralvarez.com.mx\/larevista\/wp-json\/wp\/v2\/posts\/59332"}],"collection":[{"href":"https:\/\/dralvarez.com.mx\/larevista\/wp-json\/wp\/v2\/posts"}],"about":[{"href":"https:\/\/dralvarez.com.mx\/larevista\/wp-json\/wp\/v2\/types\/post"}],"author":[{"embeddable":true,"href":"https:\/\/dralvarez.com.mx\/larevista\/wp-json\/wp\/v2\/users\/1018"}],"replies":[{"embeddable":true,"href":"https:\/\/dralvarez.com.mx\/larevista\/wp-json\/wp\/v2\/comments?post=59332"}],"version-history":[{"count":0,"href":"https:\/\/dralvarez.com.mx\/larevista\/wp-json\/wp\/v2\/posts\/59332\/revisions"}],"wp:attachment":[{"href":"https:\/\/dralvarez.com.mx\/larevista\/wp-json\/wp\/v2\/media?parent=59332"}],"wp:term":[{"taxonomy":"category","embeddable":true,"href":"https:\/\/dralvarez.com.mx\/larevista\/wp-json\/wp\/v2\/categories?post=59332"},{"taxonomy":"post_tag","embeddable":true,"href":"https:\/\/dralvarez.com.mx\/larevista\/wp-json\/wp\/v2\/tags?post=59332"}],"curies":[{"name":"wp","href":"https:\/\/api.w.org\/{rel}","templated":true}]}}