{"id":59331,"date":"2017-10-20T00:00:00","date_gmt":"2017-10-20T06:00:00","guid":{"rendered":"https:\/\/dralvarez.com.mx\/larevista\/blog\/mercedes-de-la-garza-camino-recibe-medalla-yuri-knorosov-18947"},"modified":"2017-10-20T00:00:00","modified_gmt":"2017-10-20T06:00:00","slug":"mercedes-de-la-garza-camino-recibe-medalla-yuri-knorosov-18947","status":"publish","type":"post","link":"https:\/\/dralvarez.com.mx\/larevista\/yucatan\/mercedes-de-la-garza-camino-recibe-medalla-yuri-knorosov-18947","title":{"rendered":"Mercedes de la Garza Camino recibe Medalla \u201cYuri Knorosov\u201d"},"content":{"rendered":"<p>M\u00e9rida, Yucat\u00e1n, 20 octubre de 2017.- Por su invaluable aportaci\u00f3n al campo de la historia de M\u00e9xico y el mundo prehisp\u00e1nico, la escritora, historiadora e investigadora de culturas ancestrales, adscrita a la Universidad Nacional Aut\u00f3noma de M\u00e9xico (UNAM), Mercedes de la Garza Camino recibi\u00f3 este d\u00eda la Medalla al M\u00e9rito Acad\u00e9mico \u201cYuri Knorosov\u201d, que otorga el Festival Internacional de la Cultura Maya (Ficmaya) 2017.<\/p>\n<p>En el marco de la V Mesa Redonda del Mayab, cuyo lema es \u201cLa cosmogon\u00eda y la mitolog\u00eda entre los mayas\u201d, a nombre del Gobernador Rolando Zapata Bello, el secretario de Investigaci\u00f3n, Innovaci\u00f3n y Educaci\u00f3n Superior, Ra\u00fal Godoy Monta\u00f1ez, otorg\u00f3 la presea, que tambi\u00e9n ha reconocido a los arque\u00f3logos Peter Schmith y Alfredo Barrera V\u00e1squez, as\u00ed como al ling\u00fcista Fidencio Brice\u00f1o Chel.<\/p>\n<p>Ante el director General del Instituto de Historia y Museos de Yucat\u00e1n (IHMY) y presidente Ejecutivo del Ficmaya, Jorge Esma Baz\u00e1n, el titular del Instituto Nacional de Antropolog\u00eda e Historia (INAH), Diego Prieto Hern\u00e1ndez, resalt\u00f3 que la cultura maya es una de las que mayor atenci\u00f3n merece de esa instituci\u00f3n y alab\u00f3 el trabajo que aqu\u00ed se realiza entorno a dicho Fesstival, que deja huella para estudiosos del tema con la intervenci\u00f3n de especialistas nacionales y extranjeros.<\/p>\n<p>Tras recibir el galard\u00f3n, que se entrega anualmente a destacadas figuras relacionadas con el estudio de estala civilizaci\u00f3n prehisp\u00e1nica, De la Garza imparti\u00f3 la conferencia magistral &#8220;La idea del ser humano en los mitos cosmog\u00f3nicos mayas&#8221;.<\/p>\n<p>La V Mesa Redonda del Mayab forma parte del programa acad\u00e9mico de la sexta edici\u00f3n del Ficmaya y re\u00fane a especialistas de M\u00e9xico y de distintas partes del mundo, quienes reflexionan sobre los m\u00e1s recientes descubrimientos y avances en el estudio de esta cultura milenaria.<\/p>\n<p>Mitos cosmog\u00f3nicos, dioses mayas, calendario, epigraf\u00eda y ritos adivinatorios son algunos de los temas a tratar durante el citado encuentro que se lleva a cabo en el Gran Museo del Mundo Maya de M\u00e9rida (GMMM). Las ponencias son de entrada gratuita y continuar\u00e1n en esta sede hasta el 23 de octubre.<\/p>\n","protected":false},"excerpt":{"rendered":"<p>Por su invaluable aportaci\u00f3n al campo de la historia de M\u00e9xico y el mundo prehisp\u00e1nico, la escritora, historiadora e investigadora de culturas ancestr<\/p>\n","protected":false},"author":1018,"featured_media":0,"comment_status":"open","ping_status":"open","sticky":false,"template":"","format":"standard","meta":{"tdm_status":"","tdm_grid_status":"","footnotes":""},"categories":[21],"tags":[],"_links":{"self":[{"href":"https:\/\/dralvarez.com.mx\/larevista\/wp-json\/wp\/v2\/posts\/59331"}],"collection":[{"href":"https:\/\/dralvarez.com.mx\/larevista\/wp-json\/wp\/v2\/posts"}],"about":[{"href":"https:\/\/dralvarez.com.mx\/larevista\/wp-json\/wp\/v2\/types\/post"}],"author":[{"embeddable":true,"href":"https:\/\/dralvarez.com.mx\/larevista\/wp-json\/wp\/v2\/users\/1018"}],"replies":[{"embeddable":true,"href":"https:\/\/dralvarez.com.mx\/larevista\/wp-json\/wp\/v2\/comments?post=59331"}],"version-history":[{"count":0,"href":"https:\/\/dralvarez.com.mx\/larevista\/wp-json\/wp\/v2\/posts\/59331\/revisions"}],"wp:attachment":[{"href":"https:\/\/dralvarez.com.mx\/larevista\/wp-json\/wp\/v2\/media?parent=59331"}],"wp:term":[{"taxonomy":"category","embeddable":true,"href":"https:\/\/dralvarez.com.mx\/larevista\/wp-json\/wp\/v2\/categories?post=59331"},{"taxonomy":"post_tag","embeddable":true,"href":"https:\/\/dralvarez.com.mx\/larevista\/wp-json\/wp\/v2\/tags?post=59331"}],"curies":[{"name":"wp","href":"https:\/\/api.w.org\/{rel}","templated":true}]}}