{"id":59330,"date":"2017-10-20T00:00:00","date_gmt":"2017-10-20T06:00:00","guid":{"rendered":"https:\/\/dralvarez.com.mx\/larevista\/blog\/huacho-celebra-en-uman-derecho-al-voto-de-la-mujer-18946"},"modified":"2017-10-20T00:00:00","modified_gmt":"2017-10-20T06:00:00","slug":"huacho-celebra-en-uman-derecho-al-voto-de-la-mujer-18946","status":"publish","type":"post","link":"https:\/\/dralvarez.com.mx\/larevista\/yucatan\/huacho-celebra-en-uman-derecho-al-voto-de-la-mujer-18946","title":{"rendered":"Huacho celebra en Um\u00e1n derecho al voto de la mujer"},"content":{"rendered":"<p>El Diputado Federal <strong>Joaqu\u00edn D\u00edaz Mena \u201cHuacho\u201d,<\/strong>&nbsp;festej\u00f3 en Um\u00e1n con mujeres del Distrito 8, el aniversario del derecho de la mujer a votar y ser votadas decretado el 17 de octubre de 1953. Asimismo, las exhorto a participar m\u00e1s en la vida p\u00fablica de su comunidad para cumplir la paridad de g\u00e9nero en M\u00e9xico y en Yucat\u00e1n y obtener mayores y mejores espacios de participaci\u00f3n en la toma de decisiones en el \u00e1mbito pol\u00edtico.<br \/>&nbsp;<br \/>El evento realizado en el marco de la celebraci\u00f3n del derecho al voto universal para las mujeres en M\u00e9xico, tuvo como marco un espacio de dialogo e intercambio de ideas en favor del impulso a la labor de las mujeres que a trav\u00e9s de los comit\u00e9s de \u201cHaciendo Ciudadan\u00eda\u201d ayudan a sus colonias y comunidades a mejorar su calidad de vida.<br \/>&nbsp;<br \/>\u201c<em>La lucha por la participaci\u00f3n de la mujer en m\u00e1s y mejores espacios de elecci\u00f3n popular y en la funci\u00f3n p\u00fablica, debe ir de la mano con su formaci\u00f3n y preparaci\u00f3n, para cumplirle a la sociedad que les depositar\u00e1 su confianza, la cual demanda un cambio a la triste realidad a la que los malos Gobiernos actuales han arrastrado al pa\u00eds y a nuestro estado, que se encuentra ubicando entre los primeros lugares en rezago social<\/em>\u201d Expres\u00f3 el Diputado <strong>D\u00edaz Mena<\/strong>.<br \/>&nbsp;<br \/>Asistieron como invitados el Secretario de Acci\u00f3n de Gobierno del CDE del PAN Yucat\u00e1n, Dr. Domitilo Carballo, el Secretario Adjunto del Comit\u00e9 Estatal de Acci\u00f3n Nacional, Profesor Edgardo Medina Rodr\u00edguez y el ex \u2013 Diputado Gerardo Escaroz Soler.<br \/>&nbsp;<br \/>El evento fue coordinado por V\u00edctor Paredes Gonz\u00e1lez, y se cont\u00f3 con nutrida participaci\u00f3n de mujeres, liderazgos y ciudadanos provenientes de los municipios de Hunucm\u00e1, Kinchil, Tetiz, Samahil, Chochol\u00e1, Uc\u00fa y comisar\u00edas del municipio de Um\u00e1n, quienes le expresaron al legislador <strong>D\u00edaz Mena <\/strong>su confianza por el trabajo que realiza y que mucho sumara encabezando la lucha del Frente Ciudadano por M\u00e9xico en Yucat\u00e1n.<\/p>\n<p><\/p>\n","protected":false},"excerpt":{"rendered":"<p>El Diputado Federal Joaqu\u00edn D\u00edaz Mena \u201cHuacho\u201d, festej\u00f3 en Um\u00e1n con mujeres del Distrito 8, el aniversario del derecho de la mujer a votar y ser votad<\/p>\n","protected":false},"author":1018,"featured_media":0,"comment_status":"open","ping_status":"open","sticky":false,"template":"","format":"standard","meta":{"tdm_status":"","tdm_grid_status":"","footnotes":""},"categories":[21],"tags":[],"_links":{"self":[{"href":"https:\/\/dralvarez.com.mx\/larevista\/wp-json\/wp\/v2\/posts\/59330"}],"collection":[{"href":"https:\/\/dralvarez.com.mx\/larevista\/wp-json\/wp\/v2\/posts"}],"about":[{"href":"https:\/\/dralvarez.com.mx\/larevista\/wp-json\/wp\/v2\/types\/post"}],"author":[{"embeddable":true,"href":"https:\/\/dralvarez.com.mx\/larevista\/wp-json\/wp\/v2\/users\/1018"}],"replies":[{"embeddable":true,"href":"https:\/\/dralvarez.com.mx\/larevista\/wp-json\/wp\/v2\/comments?post=59330"}],"version-history":[{"count":0,"href":"https:\/\/dralvarez.com.mx\/larevista\/wp-json\/wp\/v2\/posts\/59330\/revisions"}],"wp:attachment":[{"href":"https:\/\/dralvarez.com.mx\/larevista\/wp-json\/wp\/v2\/media?parent=59330"}],"wp:term":[{"taxonomy":"category","embeddable":true,"href":"https:\/\/dralvarez.com.mx\/larevista\/wp-json\/wp\/v2\/categories?post=59330"},{"taxonomy":"post_tag","embeddable":true,"href":"https:\/\/dralvarez.com.mx\/larevista\/wp-json\/wp\/v2\/tags?post=59330"}],"curies":[{"name":"wp","href":"https:\/\/api.w.org\/{rel}","templated":true}]}}