{"id":59311,"date":"2017-10-20T00:00:00","date_gmt":"2017-10-20T06:00:00","guid":{"rendered":"https:\/\/dralvarez.com.mx\/larevista\/blog\/injustificada-alza-en-precio-de-la-masa-profeco-18927"},"modified":"2017-10-20T00:00:00","modified_gmt":"2017-10-20T06:00:00","slug":"injustificada-alza-en-precio-de-la-masa-profeco-18927","status":"publish","type":"post","link":"https:\/\/dralvarez.com.mx\/larevista\/yucatan\/injustificada-alza-en-precio-de-la-masa-profeco-18927","title":{"rendered":"Injustificada alza en precio de la masa: Profeco"},"content":{"rendered":"<\/p>\n<p>M\u00e9rida, Yucat\u00e1n; 20 de octubre de 2017 (ACOM).- La delegaci\u00f3n local de Procuradur\u00eda Federal del Consumidor (Profeco) se\u00f1al\u00f3 que persiste un incremento al precio de la masa en molinos de M\u00e9rida, alza que hasta ahora parece injustificada.<u><\/u><u><\/u><\/p>\n<p>Jos\u00e9 Nev\u00e1rez Cervera, titular de la dependencia, se\u00f1al\u00f3 que en las verificaciones que se han efectuado en la urbe, se detect\u00f3 que algunos establecimientos ofertan la masa en 14 y 15 pesos, aunque dijo tener informaci\u00f3n de que en algunos otros, esta alcanza los 17 pesos por kilo.<u><\/u><u><\/u><\/p>\n<p>En ese tenor, refiri\u00f3 que de no justificar el incremento, la Profeco estar\u00eda tomando medidas de acuerdo al rango de sus atribuciones.<u><\/u><u><\/u><\/p>\n<p>&#8220;Acudimos a verificar y se les requiere informaci\u00f3n. De haber aumentos, tienen cinco d\u00edas para justificarlo. No puede haber aumentos solamente por la temporada, es decir, injustificados&#8221;, apunt\u00f3.<u><\/u><u><\/u><\/p>\n<p>Inform\u00f3 que hasta ahora no ha habido sanciones y menos denuncias por esta situaci\u00f3n por lo que pidi\u00f3 a los ciudadanos acudir a la Profeco si detectan esta situaci\u00f3n, de modo que se pueda ubicar el establecimiento en cuesti\u00f3n.<u><\/u><u><\/u><\/p>\n<p>&#8220;Se habla de mil 400 molinos en M\u00e9rida, puede ser que en algunos el precio est\u00e9 bien, aunque si requerimos que la gente nos notifique si encuentran un precio elevado&#8221;, extern\u00f3.<u><\/u><u><\/u><\/p>\n<p>Mencion\u00f3 que en general, la Profeco estar\u00e1 al pendiente del precio de la carne y otros productos utilizados en la \u00e9poca, adem\u00e1s de que habr\u00e1 vigilancia en panader\u00edas, florer\u00edas y con los vendedores ambulantes, relacionado con el D\u00eda de Muertos.<\/p><\/p>\n","protected":false},"excerpt":{"rendered":"<p>Molineros abusivos ser\u00e1n objeto de sanciones.<\/p>\n","protected":false},"author":1018,"featured_media":0,"comment_status":"open","ping_status":"open","sticky":false,"template":"","format":"standard","meta":{"tdm_status":"","tdm_grid_status":"","footnotes":""},"categories":[21],"tags":[],"_links":{"self":[{"href":"https:\/\/dralvarez.com.mx\/larevista\/wp-json\/wp\/v2\/posts\/59311"}],"collection":[{"href":"https:\/\/dralvarez.com.mx\/larevista\/wp-json\/wp\/v2\/posts"}],"about":[{"href":"https:\/\/dralvarez.com.mx\/larevista\/wp-json\/wp\/v2\/types\/post"}],"author":[{"embeddable":true,"href":"https:\/\/dralvarez.com.mx\/larevista\/wp-json\/wp\/v2\/users\/1018"}],"replies":[{"embeddable":true,"href":"https:\/\/dralvarez.com.mx\/larevista\/wp-json\/wp\/v2\/comments?post=59311"}],"version-history":[{"count":0,"href":"https:\/\/dralvarez.com.mx\/larevista\/wp-json\/wp\/v2\/posts\/59311\/revisions"}],"wp:attachment":[{"href":"https:\/\/dralvarez.com.mx\/larevista\/wp-json\/wp\/v2\/media?parent=59311"}],"wp:term":[{"taxonomy":"category","embeddable":true,"href":"https:\/\/dralvarez.com.mx\/larevista\/wp-json\/wp\/v2\/categories?post=59311"},{"taxonomy":"post_tag","embeddable":true,"href":"https:\/\/dralvarez.com.mx\/larevista\/wp-json\/wp\/v2\/tags?post=59311"}],"curies":[{"name":"wp","href":"https:\/\/api.w.org\/{rel}","templated":true}]}}