{"id":59303,"date":"2017-10-20T00:00:00","date_gmt":"2017-10-20T06:00:00","guid":{"rendered":"https:\/\/dralvarez.com.mx\/larevista\/blog\/congreso-18919"},"modified":"2017-10-20T00:00:00","modified_gmt":"2017-10-20T06:00:00","slug":"congreso-18919","status":"publish","type":"post","link":"https:\/\/dralvarez.com.mx\/larevista\/yucatan\/congreso-18919","title":{"rendered":"Congreso"},"content":{"rendered":"<p>&#8220;El Congreso del Estado ha dado un paso trascendental en la conformaci\u00f3n del Sistema Estatal Anticorrupci\u00f3n al designar un Comit\u00e9 de Selecci\u00f3n propuesto por c\u00e1maras empresariales, reconocidas universidades y sociedad civil, gracias a que los partidos se han despojado de intereses pol\u00edticos particulares y de grupo&#8221;, afirm\u00f3 la diputada Celia Rivas Rodr\u00edguez.<\/p>\n<p>Durante la sesi\u00f3n plenaria en el Congreso, en donde se conocieron los nombres de quienes integrar\u00e1n dicha comisi\u00f3n, la legisladora resalt\u00f3 que ser\u00e1 tarea de sus miembros designar al Comit\u00e9 de Participaci\u00f3n Ciudadana, cuyo presidente ser\u00e1 a su vez quien encabece el Comit\u00e9 Coordinador del Sistema Anticorrupci\u00f3n en nuestra entidad.<\/p>\n<p>Agreg\u00f3 que la citada Comisi\u00f3n de Selecci\u00f3n qued\u00f3 integrada por siete miembros de corte ciudadano, lo que se traduce como \u201calgo trascendental, por lo que se ha dado un paso de gran importancia en el tema\u201d.<\/p>\n<p>Rivas Rodr\u00edguez, destac\u00f3 que por parte de las propuestas de las instituciones de educaci\u00f3n superior e investigaci\u00f3n fueron electos: Jos\u00e9 Silveira Bolio, de la Universidad An\u00e1huac Mayab (23 votos); Rodolfo Mart\u00ednez Septi\u00e9n, de la Universidad Marista de M\u00e9rida (24 votos); Carlos Estrada Pinto, de la Universidad Aut\u00f3noma de Yucat\u00e1n (24 votos) y Mirna Manzanilla Romero, del Instituto Tecnol\u00f3gico de M\u00e9rida (23 votos).<\/p>\n<p>En el caso de las propuestas por parte de organizaciones civiles fueron designados: Oscar Peniche y Coldwell, propuesto por parte de la C\u00e1mara de Comercio de M\u00e9rida (Canaco) con 25 votos; \u00c1lvaro Garza R. de la Gala, de la Coparmex M\u00e9rida, con 24 votos y Habib Becil Dajer, de la Asociaci\u00f3n de Egresados de la Facultad de Contadur\u00eda y Administraci\u00f3n de la UADY, as\u00ed como del Colegio de Contadores P\u00fablicos del Mayab, con 24 votos, quienes estar\u00e1n en el cargo por un lapso de tres a\u00f1os.<\/p>\n<p>&#8220;Hubo consenso por parte de los partidos pol\u00edticos y tras ello, la ciudadan\u00eda tendr\u00e1 no solamente la posibilidad de acompa\u00f1ar al Sistema, de alimentarlo con sus denuncias y sugerencias, sino incluso de integrarlo a partir de este momento con la Comisi\u00f3n de Selecci\u00f3n\u201d, finaliz\u00f3.<\/p>\n","protected":false},"excerpt":{"rendered":"<p>Comit\u00e9 Ciudadano contra la corrupci\u00f3n, un paso adelante: Celia Rivas<\/p>\n","protected":false},"author":1018,"featured_media":0,"comment_status":"open","ping_status":"open","sticky":false,"template":"","format":"standard","meta":{"tdm_status":"","tdm_grid_status":"","footnotes":""},"categories":[21],"tags":[],"_links":{"self":[{"href":"https:\/\/dralvarez.com.mx\/larevista\/wp-json\/wp\/v2\/posts\/59303"}],"collection":[{"href":"https:\/\/dralvarez.com.mx\/larevista\/wp-json\/wp\/v2\/posts"}],"about":[{"href":"https:\/\/dralvarez.com.mx\/larevista\/wp-json\/wp\/v2\/types\/post"}],"author":[{"embeddable":true,"href":"https:\/\/dralvarez.com.mx\/larevista\/wp-json\/wp\/v2\/users\/1018"}],"replies":[{"embeddable":true,"href":"https:\/\/dralvarez.com.mx\/larevista\/wp-json\/wp\/v2\/comments?post=59303"}],"version-history":[{"count":0,"href":"https:\/\/dralvarez.com.mx\/larevista\/wp-json\/wp\/v2\/posts\/59303\/revisions"}],"wp:attachment":[{"href":"https:\/\/dralvarez.com.mx\/larevista\/wp-json\/wp\/v2\/media?parent=59303"}],"wp:term":[{"taxonomy":"category","embeddable":true,"href":"https:\/\/dralvarez.com.mx\/larevista\/wp-json\/wp\/v2\/categories?post=59303"},{"taxonomy":"post_tag","embeddable":true,"href":"https:\/\/dralvarez.com.mx\/larevista\/wp-json\/wp\/v2\/tags?post=59303"}],"curies":[{"name":"wp","href":"https:\/\/api.w.org\/{rel}","templated":true}]}}