{"id":59289,"date":"2017-10-20T00:00:00","date_gmt":"2017-10-20T06:00:00","guid":{"rendered":"https:\/\/dralvarez.com.mx\/larevista\/blog\/ayuntamiento-de-merida-18905"},"modified":"2017-10-20T00:00:00","modified_gmt":"2017-10-20T06:00:00","slug":"ayuntamiento-de-merida-18905","status":"publish","type":"post","link":"https:\/\/dralvarez.com.mx\/larevista\/yucatan\/ayuntamiento-de-merida-18905","title":{"rendered":"Ayuntamiento de M\u00e9rida"},"content":{"rendered":"<p>Especial \/ La Revista <\/p>\n<p>El Festival de las \u00c1nimas, que se efectuar\u00e1 del 23 al 30 de octubre, es un evento que conmemora nuestros tradiciones, valores y costumbres y se ha consolidado como uno de los atractivos tur\u00edsticos m\u00e1s exitosos de M\u00e9rida, indic\u00f3 el alcalde Mauricio Vila Dosal, durante la presentaci\u00f3n del programa de los festejos.<br \/>El alcalde de M\u00e9rida record\u00f3 que desde el inicio de su administraci\u00f3n qued\u00f3 constancia del atractivo de \u00e9ste Festival que organiza el Ayuntamiento de M\u00e9rida con la participaci\u00f3n de todas las dependencias y direcciones de la Comuna.<br \/>En esta ocasi\u00f3n, ser\u00e1 una semana entera de festividades que reunir\u00e1n varias disciplinas art\u00edsticas como fotograf\u00eda, danza, teatro, instalaci\u00f3n de altares y presentaciones especiales dentro de los tradicionales programas como la Vaquer\u00eda Yucateca, Serenata Yucateca, Noche Mexicana y M\u00e9rida en Domingo.<br \/>Vila Dosal destac\u00f3 actividades como la del mi\u00e9rcoles 25 de octubre, en la que se realizar\u00e1 un recorrido en bicicleta en coordinaci\u00f3n con los integrantes de \u201cCiclo Turixes\u201d, en locaciones como el Cementerio General.<br \/>Adem\u00e1s,  mencion\u00f3 el tradicional Paseo de las \u00c1nimas por puntos como el Cementerio General, La Ermita y el Parque de San Juan  y  anunci\u00f3 la inauguraci\u00f3n de la segunda edici\u00f3n del \u201cCamino de Flores\u201d en el Parque de la Mejorada,  del s\u00e1bado 28 a mediados denoviembre, dedicada a los trovadores yucatecos fallecidos.<\/p>\n<p>V\u00edctor Hugo Lozano Poveda, coordinador General de Pol\u00edtica Comunitaria, indic\u00f3 que las actividades del Festival iniciar\u00e1n con la presentaci\u00f3n de la obra regional \u201cEl mucbipollo de don Pancho\u201d a las 8 de la noche en las puertas del Palacio Municipal.<br \/>El martes 24, en el patio central del Centro Cultural Olimpo, los visitantes podr\u00e1n disfrutar de la exposici\u00f3n fotogr\u00e1fica \u201cPixanes\u201d, de Alejandro Poot Molina;  el mi\u00e9rcoles 25 un H\u2019men presidir\u00e1 una ceremonia maya y se efectuar\u00e1 el recorrido hist\u00f3rico con \u201cCiclo Turixes\u201d por el Cementerio General; el jueves 26, en el Centro Municipal de Danza, se efectuar\u00e1 el programa \u201cM\u00e9xico y sus tradiciones: D\u00eda de Muertos\u201d y la Serenata Yucateca en el parque Santa Luc\u00eda.<br \/>El viernes 27 ser\u00e1 el Paseo de las \u00c1nimas, que encabezar\u00e1 el alcalde Mauricio Vila Dosal y partir\u00e1 del Cementerio General y tendr\u00e1 como escalas el barrio de La Ermita y el Parque de San Juan. Tambi\u00e9n habr\u00e1 m\u00fasica, muestra de altares y leyendas mayas a partir de las 6 de la tarde.<br \/>Lozano Poveda record\u00f3 la inauguraci\u00f3n de la segunda edici\u00f3n del \u201cCamino de Flores\u201d y una &#8220;Noche de Catrinas&#8221; dentro de la Noche Mexicana, el s\u00e1bado 28.<br \/>Para finalizar el Festival de las \u00c1nimas, los programas M\u00e9rida en Domingo y la Vaquer\u00eda Yucateca ser\u00e1n dedicados a quienes se nos adelantaron, explic\u00f3 el funcionario.<br \/>Cecilia Patr\u00f3n Laviada, directora de Desarrollo Social, invit\u00f3 a los meridanos a inscribir sus altares y participar como voluntarios en el Paseo de las \u00c1nimas haciendo suya esta tradici\u00f3n que el a\u00f1o pasado logr\u00f3 la asistencia de poco m\u00e1s de 50 mil personas.<br \/>El programa completo y las bases para la inscripci\u00f3n de altares y voluntarios pueden consultarse en el sitio web merida.gob.mx.<\/p>\n","protected":false},"excerpt":{"rendered":"<p>El alcalde Mauricio Vila Dosal presenta la segunda edici\u00f3n del Festival de las \u00c1nimas<\/p>\n","protected":false},"author":1018,"featured_media":0,"comment_status":"open","ping_status":"open","sticky":false,"template":"","format":"standard","meta":{"tdm_status":"","tdm_grid_status":"","footnotes":""},"categories":[21],"tags":[],"_links":{"self":[{"href":"https:\/\/dralvarez.com.mx\/larevista\/wp-json\/wp\/v2\/posts\/59289"}],"collection":[{"href":"https:\/\/dralvarez.com.mx\/larevista\/wp-json\/wp\/v2\/posts"}],"about":[{"href":"https:\/\/dralvarez.com.mx\/larevista\/wp-json\/wp\/v2\/types\/post"}],"author":[{"embeddable":true,"href":"https:\/\/dralvarez.com.mx\/larevista\/wp-json\/wp\/v2\/users\/1018"}],"replies":[{"embeddable":true,"href":"https:\/\/dralvarez.com.mx\/larevista\/wp-json\/wp\/v2\/comments?post=59289"}],"version-history":[{"count":0,"href":"https:\/\/dralvarez.com.mx\/larevista\/wp-json\/wp\/v2\/posts\/59289\/revisions"}],"wp:attachment":[{"href":"https:\/\/dralvarez.com.mx\/larevista\/wp-json\/wp\/v2\/media?parent=59289"}],"wp:term":[{"taxonomy":"category","embeddable":true,"href":"https:\/\/dralvarez.com.mx\/larevista\/wp-json\/wp\/v2\/categories?post=59289"},{"taxonomy":"post_tag","embeddable":true,"href":"https:\/\/dralvarez.com.mx\/larevista\/wp-json\/wp\/v2\/tags?post=59289"}],"curies":[{"name":"wp","href":"https:\/\/api.w.org\/{rel}","templated":true}]}}