{"id":59285,"date":"2017-10-20T00:00:00","date_gmt":"2017-10-20T06:00:00","guid":{"rendered":"https:\/\/dralvarez.com.mx\/larevista\/blog\/aplicara-cfe-tarifa-1d-a-clientes-domesticos-de-merida-18901"},"modified":"2017-10-20T00:00:00","modified_gmt":"2017-10-20T06:00:00","slug":"aplicara-cfe-tarifa-1d-a-clientes-domesticos-de-merida-18901","status":"publish","type":"post","link":"https:\/\/dralvarez.com.mx\/larevista\/yucatan\/aplicara-cfe-tarifa-1d-a-clientes-domesticos-de-merida-18901","title":{"rendered":"Aplicar\u00e1 CFE tarifa 1D a clientes dom\u00e9sticos de M\u00e9rida"},"content":{"rendered":"<p>Especial \/ La Revista <\/p>\n<p>A partir de 11 de octubre de este a\u00f1o, la Comisi\u00f3n Federal de Electricidad (CFE) aplica la tarifa dom\u00e9stica \u201c1D\u201d a sus clientes dom\u00e9sticos en M\u00e9rida. Con esta medida se beneficiar\u00e1n con una tarifa m\u00e1s baja, en temporada de verano, 217 mil 712 clientes y, en temporada fuera de verano, 145 mil 955 clientes en el municipio de M\u00e9rida, de un total de 474 mil 422.<br \/>La reclasificaci\u00f3n de la tarifa para M\u00e9rida se debe a que la temperatura media m\u00ednima en ese municipio registrada en periodo de verano durante los \u00faltimos 5 a\u00f1os, supera de manera consecutiva los 31\u00b0C. Esta temperatura media m\u00ednima es mayor a la registrada anteriormente. Por lo tanto, y en apego a la normatividad vigente y a la clasificaci\u00f3n establecida por la Secretar\u00eda de Hacienda y Cr\u00e9dito P\u00fablico, ahora se aplicar\u00e1 la Tarifa Dom\u00e9stica \u201c1D\u201d para la Ciudad de M\u00e9rida.<br \/>Lo anterior con base en el an\u00e1lisis realizado a los registros de temperaturas medias m\u00ednimas mensuales de la estaci\u00f3n climatol\u00f3gica \u201cBase A\u00e9rea Militar No. 8\u201d, ratificada por el Sistema Meteorol\u00f3gico de la Comisi\u00f3n Nacional del Agua (SMN-CONAGUA) como estaci\u00f3n climatol\u00f3gica representativa del municipio M\u00e9rida, Yucat\u00e1n, mediante oficio n\u00famero B00.8.-562 de fecha 25 de septiembre de 2017.<br \/>Los clientes empezar\u00e1n a percibir la aplicaci\u00f3n de la tarifa \u201c1D\u201d del periodo completo de consumo a partir de 11 de noviembre, para los clientes que facturan de manera mensual. Los clientes que facturan de manera bimestral, ver\u00e1n reflejada la aplicaci\u00f3n de esta tarifa a partir de su recibo de diciembre (facturaci\u00f3n en periodo par) y enero (facturaci\u00f3n en periodo non).   <br \/>Recordamos a nuestros clientes que para cualquier duda sobre la aplicaci\u00f3n de esta tarifa, ponemos a sus \u00f3rdenes 17 centros de atenci\u00f3n a clientes en M\u00e9rida, as\u00ed como la l\u00ednea telef\u00f3nica gratuita 071 y la cuenta en Twitter @CFE_Peninsular.<\/p>\n","protected":false},"excerpt":{"rendered":"<p>La reclasificaci\u00f3n de la tarifa para la capital yucateca se debe a que la temperatura media m\u00ednima registrada en periodo de verano durante los \u00faltimos<\/p>\n","protected":false},"author":1018,"featured_media":0,"comment_status":"open","ping_status":"open","sticky":false,"template":"","format":"standard","meta":{"tdm_status":"","tdm_grid_status":"","footnotes":""},"categories":[21],"tags":[],"_links":{"self":[{"href":"https:\/\/dralvarez.com.mx\/larevista\/wp-json\/wp\/v2\/posts\/59285"}],"collection":[{"href":"https:\/\/dralvarez.com.mx\/larevista\/wp-json\/wp\/v2\/posts"}],"about":[{"href":"https:\/\/dralvarez.com.mx\/larevista\/wp-json\/wp\/v2\/types\/post"}],"author":[{"embeddable":true,"href":"https:\/\/dralvarez.com.mx\/larevista\/wp-json\/wp\/v2\/users\/1018"}],"replies":[{"embeddable":true,"href":"https:\/\/dralvarez.com.mx\/larevista\/wp-json\/wp\/v2\/comments?post=59285"}],"version-history":[{"count":0,"href":"https:\/\/dralvarez.com.mx\/larevista\/wp-json\/wp\/v2\/posts\/59285\/revisions"}],"wp:attachment":[{"href":"https:\/\/dralvarez.com.mx\/larevista\/wp-json\/wp\/v2\/media?parent=59285"}],"wp:term":[{"taxonomy":"category","embeddable":true,"href":"https:\/\/dralvarez.com.mx\/larevista\/wp-json\/wp\/v2\/categories?post=59285"},{"taxonomy":"post_tag","embeddable":true,"href":"https:\/\/dralvarez.com.mx\/larevista\/wp-json\/wp\/v2\/tags?post=59285"}],"curies":[{"name":"wp","href":"https:\/\/api.w.org\/{rel}","templated":true}]}}