{"id":59283,"date":"2017-10-20T00:00:00","date_gmt":"2017-10-20T06:00:00","guid":{"rendered":"https:\/\/dralvarez.com.mx\/larevista\/blog\/escuelas-multigrado-y-el-nuevo-modelo-educativo-18899"},"modified":"2017-10-20T00:00:00","modified_gmt":"2017-10-20T06:00:00","slug":"escuelas-multigrado-y-el-nuevo-modelo-educativo-18899","status":"publish","type":"post","link":"https:\/\/dralvarez.com.mx\/larevista\/yucatan\/escuelas-multigrado-y-el-nuevo-modelo-educativo-18899","title":{"rendered":"Escuelas multigrado y el Nuevo Modelo Educativo"},"content":{"rendered":"<p>M\u00e9rida, Yucat\u00e1n, 20 de octubre de 2017.- A fin de que los supervisores fortalezcan sus aptitudes para trabajar de manera colegiada, dise\u00f1en proyectos de intervenci\u00f3n a partir del an\u00e1lisis de resultados e implementen acciones articuladas desde todos los \u00e1mbitos posibles y con s\u00f3lidos fundamentos, dio inicio el taller &#8220;De la gesti\u00f3n administrativa al desarrollo de competencias de la funci\u00f3n supervisora para la mejora del aprendizaje escolar&#8221;.<\/p>\n<p>El director de Desarrollo Educativo y Gesti\u00f3n Regional de la Secretar\u00eda de Educaci\u00f3n del Estado de Yucat\u00e1n (Segey), Delio Peniche Novelo, precis\u00f3 que en dicha de esta capacitaci\u00f3n tambi\u00e9n se considera a las escuelas multigrado, ya que tienen una representaci\u00f3n importante dentro del Nuevo Modelo Educativo.<\/p>\n<p>&#8220;No es lo mismo ocuparse de un grupo que hacerlo de dos, tres y hasta seis grados, esto implica una serie de competencias y habilidades que s\u00f3lo se adquieren en el ejercicio de la labor cotidiana, con el intercambio de experiencias y, fundamentalmente, con la voluntad y pasi\u00f3n del docente&#8221;, indic\u00f3.<\/p>\n<p>Por su parte, el director de Desarrollo Educativo de la dependencia, Ra\u00fal Zapata Sosa, dijo que para alcanzar el \u00e9xito en aulas de esta modalidad, los maestros deben recibir formaci\u00f3n y acompa\u00f1amiento sobre aprendizajes grupales, planeaci\u00f3n y elaboraci\u00f3n de curr\u00edculos integrados, adecuados a las situaciones particulares de los alumnos.<\/p>\n<p>La coordinadora del \u00d3rgano de Gesti\u00f3n Escolar Multigrado, Martha Pinto Lor\u00eda, dijo que se est\u00e1 realizando un diagn\u00f3stico a nivel nacional de los planteles con esta caracter\u00edstica y reconoci\u00f3 la labor de los interesados en contar con medios y estrategias para adquirir las herramientas pedag\u00f3gicas que necesitan.<\/p>\n<p>&#8220;En todos los contextos que atendemos debemos tener un panorama claro y abierto, tanto de las escuelas multigrado de primarias regulares como aquellas de la modalidad ind\u00edgena; porque no se pueden quedar al margen las que est\u00e9n incrustadas en circunstancia mayahablante&#8221;, explic\u00f3. <\/p>\n<p>En total participan 134 profesionales, de los niveles preescolar y primaria general e ind\u00edgena, quienes desde el d\u00eda de ayer obtienen esta preparaci\u00f3n y que se complementar\u00e1 con dos sesiones posteriores los d\u00edas 9 y 23 del pr\u00f3ximo noviembre.<\/p>\n<p>El taller cubrir\u00e1 cuatro bloques: &#8220;El referente del supervisor escolar id\u00f3neo&#8221;, &#8220;El an\u00e1lisis de las pr\u00e1cticas educativas&#8221;, &#8220;La elaboraci\u00f3n de diagn\u00f3sticos a partir del an\u00e1lisis de los resultados de la evaluaci\u00f3n interna&#8221;, y &#8220;El proyecto de asesor\u00eda y acompa\u00f1amiento desde la supervisi\u00f3n escolar&#8221;.<\/p>\n","protected":false},"excerpt":{"rendered":"<p>Capacitan a profesionales para adaptarse al contexto de los alumnos.<\/p>\n","protected":false},"author":1018,"featured_media":0,"comment_status":"open","ping_status":"open","sticky":false,"template":"","format":"standard","meta":{"tdm_status":"","tdm_grid_status":"","footnotes":""},"categories":[21],"tags":[],"_links":{"self":[{"href":"https:\/\/dralvarez.com.mx\/larevista\/wp-json\/wp\/v2\/posts\/59283"}],"collection":[{"href":"https:\/\/dralvarez.com.mx\/larevista\/wp-json\/wp\/v2\/posts"}],"about":[{"href":"https:\/\/dralvarez.com.mx\/larevista\/wp-json\/wp\/v2\/types\/post"}],"author":[{"embeddable":true,"href":"https:\/\/dralvarez.com.mx\/larevista\/wp-json\/wp\/v2\/users\/1018"}],"replies":[{"embeddable":true,"href":"https:\/\/dralvarez.com.mx\/larevista\/wp-json\/wp\/v2\/comments?post=59283"}],"version-history":[{"count":0,"href":"https:\/\/dralvarez.com.mx\/larevista\/wp-json\/wp\/v2\/posts\/59283\/revisions"}],"wp:attachment":[{"href":"https:\/\/dralvarez.com.mx\/larevista\/wp-json\/wp\/v2\/media?parent=59283"}],"wp:term":[{"taxonomy":"category","embeddable":true,"href":"https:\/\/dralvarez.com.mx\/larevista\/wp-json\/wp\/v2\/categories?post=59283"},{"taxonomy":"post_tag","embeddable":true,"href":"https:\/\/dralvarez.com.mx\/larevista\/wp-json\/wp\/v2\/tags?post=59283"}],"curies":[{"name":"wp","href":"https:\/\/api.w.org\/{rel}","templated":true}]}}