{"id":59282,"date":"2017-10-20T00:00:00","date_gmt":"2017-10-20T06:00:00","guid":{"rendered":"https:\/\/dralvarez.com.mx\/larevista\/blog\/segey-impulsa-el-ficmaya-18898"},"modified":"2017-10-20T00:00:00","modified_gmt":"2017-10-20T06:00:00","slug":"segey-impulsa-el-ficmaya-18898","status":"publish","type":"post","link":"https:\/\/dralvarez.com.mx\/larevista\/yucatan\/segey-impulsa-el-ficmaya-18898","title":{"rendered":"Segey impulsa el Ficmaya"},"content":{"rendered":"<p>M\u00e9rida, Yucat\u00e1n, 19 de octubre de 2017.- Con un total de 19 eventos, la Secretar\u00eda de Educaci\u00f3n del Estado de Yucat\u00e1n (Segey) estar\u00e1 presente en el Festival Internacional de la Cultura Maya (Ficmaya) 2017, dedicado en esta edici\u00f3n a &#8220;La cosmogon\u00eda y la preservaci\u00f3n del planeta&#8221;.<\/p>\n<p>El Festival da inicio este d\u00eda y culmina el 5 de noviembre, por lo que durante dicho periodo, la Segey participar\u00e1 con talleres, conferencias, presentaciones de libros, coloquios, exposiciones y una mesa panel.<\/p>\n<p>&#8220;Para nosotros representa una gran responsabilidad mantener vivas nuestras ra\u00edces, somos herederos de la gran cultura maya, eso debe llenarnos de mucho orgullo a todos los yucatecos. Preservar la cultura maya es tarea de todos&#8221;, se\u00f1al\u00f3 Caballero Dur\u00e1n.<\/p>\n<p>Es preciso mencionar que la Segey se ha enfocado a difundir frases de uso cotidiano en lengua maya, a fin de que lleguen a cada una de las escuelas y edificios de la dependencia.<\/p>\n<p>Para el secretario es muy importante que se lleven a cabo este tipo de actividades pues es una manera de transmisi\u00f3n cultural, sobre todo con el dominio del idioma materno.<\/p>\n<p>La Segey tambi\u00e9n puso en marcha la campa\u00f1a &#8220;Ka\u2019ansajile\u2019 leti\u2019 u bejilo&#8221;, que significa &#8220;La educaci\u00f3n es el camino&#8221;, para fomentar el uso de expresiones en la lengua originaria.<\/p>\n<p>A trav\u00e9s de impresos, c\u00e1psulas de video y din\u00e1micas se difundir\u00e1n las frases, a fin de llegar a cada una de los planteles y sedes de la instancia. Tambi\u00e9n, se impulsar\u00e1 que los alumnos y maestros graben y env\u00eden videos con mensajes en maya, que se compartir\u00e1n a trav\u00e9s de las redes sociales de la Secretar\u00eda.<\/p>\n<p>Respecto a los eventos con los que ser\u00e1 part\u00edcipe la Segey en el marco del Ficmaya 2017, tendr\u00e1n m\u00e1s de 10 sedes distintas: escuelas y edificios de la dependencia, el Instituto Tecnol\u00f3gico de M\u00e9rida y las Universidades de Tecnolog\u00eda Tur\u00edstica Total, Mesoamericana de San Agust\u00edn y Tecnol\u00f3gica del Poniente de Maxcan\u00fa.<\/p>\n<p>Asimismo, los parques de Santiago y Santa Ana, la Escuela Normal de Valladolid, el teatro &#8220;Daniel Ayala P\u00e9rez&#8221; y el Gran Museo del Mundo Maya.<\/p>\n<p>En esta edici\u00f3n, el Ficmaya ha centrado sus temas en el origen del hombre, su formaci\u00f3n y la necesidad que ha existido para explicar el inicio de la vida y el planeta.<\/p>\n<p><\/p>\n","protected":false},"excerpt":{"rendered":"<p>&#8220;Preservar la cultura maya es tarea de todos&#8221;: V\u00edctor Caballero Dur\u00e1n.<\/p>\n","protected":false},"author":1018,"featured_media":0,"comment_status":"open","ping_status":"open","sticky":false,"template":"","format":"standard","meta":{"tdm_status":"","tdm_grid_status":"","footnotes":""},"categories":[21],"tags":[],"_links":{"self":[{"href":"https:\/\/dralvarez.com.mx\/larevista\/wp-json\/wp\/v2\/posts\/59282"}],"collection":[{"href":"https:\/\/dralvarez.com.mx\/larevista\/wp-json\/wp\/v2\/posts"}],"about":[{"href":"https:\/\/dralvarez.com.mx\/larevista\/wp-json\/wp\/v2\/types\/post"}],"author":[{"embeddable":true,"href":"https:\/\/dralvarez.com.mx\/larevista\/wp-json\/wp\/v2\/users\/1018"}],"replies":[{"embeddable":true,"href":"https:\/\/dralvarez.com.mx\/larevista\/wp-json\/wp\/v2\/comments?post=59282"}],"version-history":[{"count":0,"href":"https:\/\/dralvarez.com.mx\/larevista\/wp-json\/wp\/v2\/posts\/59282\/revisions"}],"wp:attachment":[{"href":"https:\/\/dralvarez.com.mx\/larevista\/wp-json\/wp\/v2\/media?parent=59282"}],"wp:term":[{"taxonomy":"category","embeddable":true,"href":"https:\/\/dralvarez.com.mx\/larevista\/wp-json\/wp\/v2\/categories?post=59282"},{"taxonomy":"post_tag","embeddable":true,"href":"https:\/\/dralvarez.com.mx\/larevista\/wp-json\/wp\/v2\/tags?post=59282"}],"curies":[{"name":"wp","href":"https:\/\/api.w.org\/{rel}","templated":true}]}}