{"id":59281,"date":"2017-10-20T00:00:00","date_gmt":"2017-10-20T06:00:00","guid":{"rendered":"https:\/\/dralvarez.com.mx\/larevista\/blog\/obra-de-artista-catalan-abre-exposiciones-del-ficmaya-2017-18897"},"modified":"2017-10-20T00:00:00","modified_gmt":"2017-10-20T06:00:00","slug":"obra-de-artista-catalan-abre-exposiciones-del-ficmaya-2017-18897","status":"publish","type":"post","link":"https:\/\/dralvarez.com.mx\/larevista\/yucatan\/obra-de-artista-catalan-abre-exposiciones-del-ficmaya-2017-18897","title":{"rendered":"Obra de artista catal\u00e1n abre exposiciones del Ficmaya 2017"},"content":{"rendered":"<p><b><i>El Gobernador Rolando Zapata Bello inaugura la muestra El anillo de la creaci\u00f3n.<\/i><\/b><\/p>\n<p>M\u00e9rida, Yucat\u00e1n, 19 de octubre de 2017.- Compuesta por 33 cuadros que evocan la m\u00fasica, la exposici\u00f3n El anillo de la creaci\u00f3n, obra pict\u00f3rica del artista catal\u00e1n Manuel Pujol Baladas, abri\u00f3 la serie de 25 exhibiciones que se presentar\u00e1n durante la sexta edici\u00f3n del Festival Internacional de la Cultura Maya (Ficmaya).<\/p>\n<p>A unas horas de la inauguraci\u00f3n del Ficmaya 2017, el Gobernador Rolando Zapata Bello y el pintor abrieron la muestra en el Expo Foro del Museo de Arte Contempor\u00e1neo Ateneo de Yucat\u00e1n (Macay) &#8220;Fernando Garc\u00eda Ponce&#8221;. \u00c9sta se inspira en las primeras dos \u00f3peras \u00e9picas de la tetralog\u00eda de El anillo del nibelungo, de Richard Wagner, &#8220;El oro del Rhin&#8221; y &#8220;La walquiria&#8221;, composiciones que a su vez est\u00e1n basadas en la mitolog\u00eda germana y sagas islandesas.<\/p>\n<p>Acompa\u00f1ada del presidente Ejecutivo del Festival, Jorge Esma Baz\u00e1n, la directora Ejecutiva del Gran Museo del Mundo Maya (GMMM), Laura Ram\u00edrez Rasgado, remarc\u00f3 que el Gobierno de Yucat\u00e1n suma esfuerzos para que a\u00f1o con a\u00f1o se eleve la calidad, diversidad y pluralidad de este importante evento, que tiene un lugar especial dentro de la cartelera cultural de M\u00e9xico.<\/p>\n<p>&#8220;El arte, todos sabemos, es vital para el desarrollo integral de los ni\u00f1os y los j\u00f3venes, es esencial en el proceso educativo y de socializaci\u00f3n de cada individuo, es fundamental para reconocernos en nuestro presente y nuestro pasado&#8221;, sostuvo.<\/p>\n<p>En esta edici\u00f3n del Ficmaya los yucatecos y visitantes se deleitar\u00e1n con casi 400 eventos, que comienzan desde este d\u00eda y terminan el 5 de noviembre, entre los que destacan muestras de creaciones pl\u00e1sticas y est\u00e9ticas de artistas yucatecos, mexicanos y de otras partes del mundo.<\/p>\n<p>Entre ellas est\u00e1n las obras de Rufino Tamayo, Juan Garc\u00eda Ponce, Magritte, Picasso, Carlos M\u00e9rida, Mark Rothko, Ermilo Torre Gamboa, Gabriel Ram\u00edrez Aznar, Roy Sobrino y Gerda Gruber.<\/p>\n<p>Asimismo, muros y paredes de la ciudad se engalanar\u00e1n con arte universal, como la exposici\u00f3n Canad\u00e1, un viaje llamado amistad que se exhibir\u00e1 en el Paseo de Montejo, as\u00ed como en centros culturales, museos, galer\u00edas privadas y escuelas de arte.<\/p>\n<p>Durante el recorrido del titular del Poder Ejecutivo, el pintor espa\u00f1ol residente en M\u00e9xico desde 1998 coment\u00f3 que esta serie tiene m\u00e1s piezas, pero decidi\u00f3 hacer una selecci\u00f3n que plantea un di\u00e1logo creativo sobre la creaci\u00f3n del universo. Por este motivo, se observan en casi todas fondos negros, que procuran una metamorfosis de la sonoridad hacia lo pict\u00f3rico, lo que da paso de lo sinf\u00f3nico a lo po\u00e9tico.<\/p>\n<p>&#8220;Esta obra se trata no de lo que dice Wagner, sino de lo que me hace sentir, las emociones que me provoca; es lo que est\u00e1 ah\u00ed plasmado&#8221;, expres\u00f3 Pujol Baladas sobre la muestra que estar\u00e1 abierta al p\u00fablico hasta enero pr\u00f3ximo.<\/p>\n<p><\/p>\n","protected":false},"excerpt":{"rendered":"<p>El Gobernador Rolando Zapata Bello inaugura la muestra El anillo de la creaci\u00f3n.<\/p>\n","protected":false},"author":1018,"featured_media":0,"comment_status":"open","ping_status":"open","sticky":false,"template":"","format":"standard","meta":{"tdm_status":"","tdm_grid_status":"","footnotes":""},"categories":[21],"tags":[],"_links":{"self":[{"href":"https:\/\/dralvarez.com.mx\/larevista\/wp-json\/wp\/v2\/posts\/59281"}],"collection":[{"href":"https:\/\/dralvarez.com.mx\/larevista\/wp-json\/wp\/v2\/posts"}],"about":[{"href":"https:\/\/dralvarez.com.mx\/larevista\/wp-json\/wp\/v2\/types\/post"}],"author":[{"embeddable":true,"href":"https:\/\/dralvarez.com.mx\/larevista\/wp-json\/wp\/v2\/users\/1018"}],"replies":[{"embeddable":true,"href":"https:\/\/dralvarez.com.mx\/larevista\/wp-json\/wp\/v2\/comments?post=59281"}],"version-history":[{"count":0,"href":"https:\/\/dralvarez.com.mx\/larevista\/wp-json\/wp\/v2\/posts\/59281\/revisions"}],"wp:attachment":[{"href":"https:\/\/dralvarez.com.mx\/larevista\/wp-json\/wp\/v2\/media?parent=59281"}],"wp:term":[{"taxonomy":"category","embeddable":true,"href":"https:\/\/dralvarez.com.mx\/larevista\/wp-json\/wp\/v2\/categories?post=59281"},{"taxonomy":"post_tag","embeddable":true,"href":"https:\/\/dralvarez.com.mx\/larevista\/wp-json\/wp\/v2\/tags?post=59281"}],"curies":[{"name":"wp","href":"https:\/\/api.w.org\/{rel}","templated":true}]}}