{"id":59280,"date":"2017-10-20T00:00:00","date_gmt":"2017-10-20T06:00:00","guid":{"rendered":"https:\/\/dralvarez.com.mx\/larevista\/blog\/clausura-el-alcalde-mauricio-vila-el-taller-para-la-prevencion-de-la-violencia-escolar-18896"},"modified":"2017-10-20T00:00:00","modified_gmt":"2017-10-20T06:00:00","slug":"clausura-el-alcalde-mauricio-vila-el-taller-para-la-prevencion-de-la-violencia-escolar-18896","status":"publish","type":"post","link":"https:\/\/dralvarez.com.mx\/larevista\/yucatan\/clausura-el-alcalde-mauricio-vila-el-taller-para-la-prevencion-de-la-violencia-escolar-18896","title":{"rendered":"Clausura el alcalde Mauricio Vila el taller para la prevenci\u00f3n de la violencia escolar"},"content":{"rendered":"<p>El alcalde Mauricio Vila Dosal clausur\u00f3 en la secundaria T\u00e9cnica #20 del Fracc. Pacabt\u00fan el taller &#8220;Prevenci\u00f3n de Violencia Escolar&#8221; que promovi\u00f3 entre alumnos, maestros y padres de familia estrategias de prevenci\u00f3n contra este fen\u00f3meno y la generaci\u00f3n de una cultura c\u00edvica y de respeto.<\/p>\n<p>El presidente municipal se\u00f1al\u00f3 que mediante la direcci\u00f3n de la Polic\u00eda Municipal de M\u00e9rida (PMM), se realizan diversos talleres, cursos y programas como el de D.A.RE para prevenir el consumo de alcohol y drogas entre los j\u00f3venes.<\/p>\n<p>Destac\u00f3 la importancia de la participaci\u00f3n de toda la comunidad escolar para cumplir los objetivos del taller y lograr que \u00e9sta conviva en un ambiente sano, libre de violencia y de sustancias t\u00f3xicas.<\/p>\n<p>-Con estas acciones y la suma de esfuerzos mantendremos a M\u00e9rida como la ciudad con la mejor calidad de vida-dijo.<\/p>\n<p>En su turno, el director de la PMM, Arturo Romero Escalante manifest\u00f3 que el taller de Prevenci\u00f3n de Violencia Escolar tuvo una duraci\u00f3n de dos meses y medio y se imparti\u00f3 simult\u00e1neamente en dos escuelas, en la T\u00e9cnica #20 y en la T\u00e9cnica #77, llegando a cerca de 1,000 alumnos, 96 docentes y poco m\u00e1s de 840 padres de familia.<\/p>\n<p>Coment\u00f3 que entre los objetivos espec\u00edficos estuvo sensibilizar a la comunidad educativa en materia de prevenci\u00f3n y manejo de la violencia, crear grupos de encuentro para los alumnos en situaci\u00f3n de acoso escolar, crear un comit\u00e9 escolar de cultura c\u00edvica integrado por docentes, alumnos, pap\u00e1s y directivos y la creaci\u00f3n de un Dec\u00e1logo para la Sana Convivencia, entre otros.<\/p>\n<p>Los alumnos de la secundaria manifestaron su agradecimiento y resaltaron la importancia que tiene la realizaci\u00f3n de talleres y programas que ayuden a prevenir la violencia y el consumo de sustancias t\u00f3xicas.<\/p>\n<p>La estudiante Dar\u00edan Guidalti Cetina Acosta agradeci\u00f3 que las autoridades municipales promuevan actividades para una mejor formaci\u00f3n social y de respeto entre todos.<\/p>\n<p>-Sumando esfuerzos todos podremos alcanzar nuestro objetivo y combatir la violencia y el consumo de sustancias-coment\u00f3.<\/p>\n<p>Mar\u00eda Fernanda Mondrag\u00f3n Tinoco, de 12 a\u00f1os y alumna de primero de secundaria, asegur\u00f3 que en el taller aprendi\u00f3 c\u00f3mo evitar la violencia a trav\u00e9s de distintas actividades, como juegos y din\u00e1micas.<\/p>\n<p>La joven dijo que tanto ella como sus compa\u00f1eros quedaron convencidos que no deben molestar a las personas, aunque crean que sea un juego.<\/p>\n<p>Diego Mauricio P\u00e9rez Basto, tambi\u00e9n de 12 a\u00f1os y estudiante de primero de secundaria, destac\u00f3 que la principal ense\u00f1anza que se llev\u00f3 a casa es que no hay que juzgar a nadie y todos somos iguales.<\/p>\n<p>-No debemos promover el maltrato a las personas porque aunque creamos que son diferentes, no es as\u00ed. Lo m\u00e1s importante es que nos tratemos bien- manifest\u00f3.<\/p>\n<p>Yulissa Montserrat Cauich Xool, de 13 a\u00f1os, y jefa de grupo en primero de secundaria, comparti\u00f3 que aprendi\u00f3 a detectar la violencia de g\u00e9nero y a promover la igualdad y equidad.<\/p>\n<p>-Platicamos sobre las acciones que podemos hacer aqu\u00ed en la escuela para prevenir las agresiones. Los compa\u00f1eros tenemos dudas y debemos aprender a preguntar y compartirlas para resolverlas- resalt\u00f3.<\/p>\n","protected":false},"excerpt":{"rendered":"<p>Acciones que promueven la sana convivencia.<\/p>\n","protected":false},"author":1018,"featured_media":0,"comment_status":"open","ping_status":"open","sticky":false,"template":"","format":"standard","meta":{"tdm_status":"","tdm_grid_status":"","footnotes":""},"categories":[21],"tags":[],"_links":{"self":[{"href":"https:\/\/dralvarez.com.mx\/larevista\/wp-json\/wp\/v2\/posts\/59280"}],"collection":[{"href":"https:\/\/dralvarez.com.mx\/larevista\/wp-json\/wp\/v2\/posts"}],"about":[{"href":"https:\/\/dralvarez.com.mx\/larevista\/wp-json\/wp\/v2\/types\/post"}],"author":[{"embeddable":true,"href":"https:\/\/dralvarez.com.mx\/larevista\/wp-json\/wp\/v2\/users\/1018"}],"replies":[{"embeddable":true,"href":"https:\/\/dralvarez.com.mx\/larevista\/wp-json\/wp\/v2\/comments?post=59280"}],"version-history":[{"count":0,"href":"https:\/\/dralvarez.com.mx\/larevista\/wp-json\/wp\/v2\/posts\/59280\/revisions"}],"wp:attachment":[{"href":"https:\/\/dralvarez.com.mx\/larevista\/wp-json\/wp\/v2\/media?parent=59280"}],"wp:term":[{"taxonomy":"category","embeddable":true,"href":"https:\/\/dralvarez.com.mx\/larevista\/wp-json\/wp\/v2\/categories?post=59280"},{"taxonomy":"post_tag","embeddable":true,"href":"https:\/\/dralvarez.com.mx\/larevista\/wp-json\/wp\/v2\/tags?post=59280"}],"curies":[{"name":"wp","href":"https:\/\/api.w.org\/{rel}","templated":true}]}}