{"id":59279,"date":"2017-10-20T00:00:00","date_gmt":"2017-10-20T06:00:00","guid":{"rendered":"https:\/\/dralvarez.com.mx\/larevista\/blog\/musica-y-color-marcan-el-inicio-del-ficmaya-2017-18895"},"modified":"2017-10-20T00:00:00","modified_gmt":"2017-10-20T06:00:00","slug":"musica-y-color-marcan-el-inicio-del-ficmaya-2017-18895","status":"publish","type":"post","link":"https:\/\/dralvarez.com.mx\/larevista\/yucatan\/musica-y-color-marcan-el-inicio-del-ficmaya-2017-18895","title":{"rendered":"M\u00fasica y color marcan el inicio del Ficmaya 2017"},"content":{"rendered":"<\/p>\n<p>M\u00e9rida, Yucat\u00e1n, 19 de octubre del 2017.- Miles de yucatecos disfrutaron de m\u00faltiples figuras, coloridos vestidos, autos de colecci\u00f3n, bailes t\u00edpicos, as\u00ed como del sonido de las gaitas, casta\u00f1uelas y caracoles, que inundaron las principales calles de esta ciudad durante el desfile con motivo de la inauguraci\u00f3n del Festival Internacional de la Cultura Maya (Ficmaya) 2017.<\/p>\n<p>A las puertas del teatro \u201cJos\u00e9 Pe\u00f3n Contreras\u201d y acompa\u00f1ado de las familias que colmaron las aceras del Centro Hist\u00f3rico meridano, el Gobernador Rolando Zapata Bello, &nbsp;el embajador de Canad\u00e1 en M\u00e9xico, Pierre Alarie, la Presidenta del Sistema para el Desarrollo Integral de la Familia (DIF) Yucat\u00e1n, Sarita Blancarte de Zapata y el subsecretario de Desarrollo Cultural, Sa\u00fal Ju\u00e1rez Vega, presenciaron el paso de un nutrido y pluricultural contingente.<\/p>\n<p>Los encargados de abrir la columna fueron los caracoleros y guerreros mayas, quienes con vistosos trajes de hombres jaguar llamaron la atenci\u00f3n de propios y extra\u00f1os. Luego, le siguieron los gaiteros de la Real Polic\u00eda Montada de Canad\u00e1, que con sus vestimentas tradicionales y el sonido de sus instrumentos merecieron fuertes aplausos de los presentes.<\/p>\n<p>No se quedaron atr\u00e1s los integrantes del grupo italiano Storici Banderas de Italia, quienes con sus fanfarrias y movimientos bien coordinados tambi\u00e9n recibieron el reconocimiento del p\u00fablico yucateco. Posteriormente, a ritmo de jarana las hermosas mestizas y sus elegantes parejas zapatearon sobre la calle principal de esta urbe.<\/p>\n<p>A esto le sigui\u00f3 un grupo de bastoneras y bailarines de jota aragonesa, influencia musical de la que deriv\u00f3 la jarana yucateca, entremezclados con autos de colecci\u00f3n con una antig\u00fcedad de 40 a\u00f1os. El cierre del desfile fue con chachach\u00e1, lo que puso a bailar a m\u00e1s de uno.<\/p>\n<p>Pero la fiesta apenas comenzaba, pues a lo largo del derrotero desde el teatro \u201cJos\u00e9 Pe\u00f3n Contreras\u201d hasta la Plaza Principal de M\u00e9rida, grupos musicales como Yahal Kab con la trova, Los hermanos Ruz, con rock and roll y un conjunto de jazz deleitaron el o\u00eddo del p\u00fablico que disfrutaba de una fresca noche.<\/p>\n<p>La primera jornada de actividades del Ficmaya 2017, cuyo tema central es \u201cLa cosmogon\u00eda y preservaci\u00f3n del planeta\u201d, finaliz\u00f3 con un magno concierto ante miles de espectadores en el lado sur del coraz\u00f3n de esta urbe, donde se present\u00f3 la Orquesta Filarm\u00f3nica Juvenil de la Ciudad de M\u00e9xico \u201cArmando Zayas\u201d, con el espect\u00e1culo Festival del Mambo y Ritmos Caribe\u00f1os por el Centenario del creador de este ritmo, D\u00e1maso P\u00e9rez Prado.<\/p><\/p>\n","protected":false},"excerpt":{"rendered":"<p>Miles de yucatecos salieron a las calles a vivir la fiesta de la cultura universal.<\/p>\n","protected":false},"author":1018,"featured_media":0,"comment_status":"open","ping_status":"open","sticky":false,"template":"","format":"standard","meta":{"tdm_status":"","tdm_grid_status":"","footnotes":""},"categories":[21],"tags":[],"_links":{"self":[{"href":"https:\/\/dralvarez.com.mx\/larevista\/wp-json\/wp\/v2\/posts\/59279"}],"collection":[{"href":"https:\/\/dralvarez.com.mx\/larevista\/wp-json\/wp\/v2\/posts"}],"about":[{"href":"https:\/\/dralvarez.com.mx\/larevista\/wp-json\/wp\/v2\/types\/post"}],"author":[{"embeddable":true,"href":"https:\/\/dralvarez.com.mx\/larevista\/wp-json\/wp\/v2\/users\/1018"}],"replies":[{"embeddable":true,"href":"https:\/\/dralvarez.com.mx\/larevista\/wp-json\/wp\/v2\/comments?post=59279"}],"version-history":[{"count":0,"href":"https:\/\/dralvarez.com.mx\/larevista\/wp-json\/wp\/v2\/posts\/59279\/revisions"}],"wp:attachment":[{"href":"https:\/\/dralvarez.com.mx\/larevista\/wp-json\/wp\/v2\/media?parent=59279"}],"wp:term":[{"taxonomy":"category","embeddable":true,"href":"https:\/\/dralvarez.com.mx\/larevista\/wp-json\/wp\/v2\/categories?post=59279"},{"taxonomy":"post_tag","embeddable":true,"href":"https:\/\/dralvarez.com.mx\/larevista\/wp-json\/wp\/v2\/tags?post=59279"}],"curies":[{"name":"wp","href":"https:\/\/api.w.org\/{rel}","templated":true}]}}