{"id":59277,"date":"2017-10-20T00:00:00","date_gmt":"2017-10-20T06:00:00","guid":{"rendered":"https:\/\/dralvarez.com.mx\/larevista\/blog\/servir-a-merida-mi-mas-grande-pasion-ricardo-bejar-herrera-18893"},"modified":"2017-10-20T00:00:00","modified_gmt":"2017-10-20T06:00:00","slug":"servir-a-merida-mi-mas-grande-pasion-ricardo-bejar-herrera-18893","status":"publish","type":"post","link":"https:\/\/dralvarez.com.mx\/larevista\/yucatan\/servir-a-merida-mi-mas-grande-pasion-ricardo-bejar-herrera-18893","title":{"rendered":"\u00a1Servir a M\u00e9rida,  mi m\u00e1s grande pasi\u00f3n! Ricardo B\u00e9jar Herrera"},"content":{"rendered":"<p>El secretario del Trabajo y Previsi\u00f3n Social a nivel federal, Ricardo B\u00e9jar Herrera, asegur\u00f3 que en Yucat\u00e1n se observa un crecimiento constante en la generaci\u00f3n de empleos pues los reportes recientes hablan de 62 mil nuevas plazas lo que representa un porcentaje mayor que la media nacional.<\/p>\n<p>El funcionario federal tambi\u00e9n sostuvo que adem\u00e1s de la generaci\u00f3n de empleos se ha mejorado mucho en la cuesti\u00f3n de los accidentes laborales pues en el 2013 se ten\u00eda conocimiento de 7 mil 800 accidentes en los centros de trabajo  y en el 2016 se logr\u00f3 cerrar la cifra con 3 mil 200 accidentes, es decir, se logr\u00f3 abatir en un 50 por ciento.<\/p>\n<p>Por otro lado en relaci\u00f3n a sus posibles aspiraciones pol\u00edticas, declar\u00f3 que &#8220;cuando los tiempos del PRI y de las leyes electorales lo permitan&#8221;,  definir\u00e1 si participa en el proceso por alg\u00fan cargo de elecci\u00f3n popular.<\/p>\n<p>En redes sociales diversos grupos de la misma estructura partidista, han propuesto a B\u00e9jar Herrera como posible aspirante a la alcald\u00eda de M\u00e9rida.<\/p>\n<p>&#8220;No he decidido nada, he recibido muchas muestras de apoyo para que yo participe pero hay que esperar los tiempos previstos para ello y lo que disponga el PRI&#8221;, se\u00f1al\u00f3.<\/p>\n<p>Precis\u00f3 que en caso de que decida participar, renunciar\u00e1 a su cargo como delegado de la STPS para buscar alg\u00fan nuevo encargo.<\/p>\n<p>Por lo pronto, manifest\u00f3 que est\u00e1 dedicado a las cuestiones de la STPS  no solo abatir los accidentes labores en las empresas de Yucat\u00e1n, sino tambi\u00e9n contribuir a que se sigan generando m\u00e1s y nuevos empleos en la localidad.<\/p>\n<p>El delegado de la STPS B\u00e9jar Herrera, resalt\u00f3 la suma de esfuerzos entre los sectores de Gobierno, es lo que ha permitido trabajar de com\u00fan acuerdo para alcanzar resultados.<\/p>\n<p>Destac\u00f3 que las empresas han colaborado en las acciones y propuestas de la dependencia del sector laboral no solo para generar condiciones de seguridad, sino tambi\u00e9n de capacitaci\u00f3n.<\/p>\n<p>B\u00e9jar Herrera manifest\u00f3 tambi\u00e9n que en cuanto al reparto de utilidades y el cumplimiento de las empresas sobre esa prestaci\u00f3n se han cumplido en tiempo y forma y en ese aspecto la misma STPS valora y reconoce la participaci\u00f3n del sector empresarial en general.<\/p>\n<p>&#8220;La sola generaci\u00f3n de 62 mil nuevos empleos representa un porcentaje importante de crecimiento y de cooperaci\u00f3n entre autoridades, dependencias estatales y federales y los mismos empresarios&#8221;, afirm\u00f3.<\/p>\n<p>Esperar los tiempos<\/p>\n<p>Por otra parte, B\u00e9jar Herrera quien antes de ser delegado federal de la STPS, fue presidente del comit\u00e9 municipal del PRI, reconoci\u00f3 su inter\u00e9s en participar en las elecciones del 2018.<\/p>\n<p>Seg\u00fan inform\u00f3, algunos miembros de colonias y seccionales de su partido le han propuesto que participe en la justa electoral.<\/p>\n<p>&#8220;Voy a esperar los plazos de la ley y en caso de participar, renunciar\u00e9 a mi cargo como delegado de la STPS&#8221;, expres\u00f3.<\/p>\n<p>Mientras tanto no hay nada definido y lo primero ser\u00e1 seguir laborando en la dependencia federal, puntualiz\u00f3.<\/p>\n<p>******************************************<\/p>\n<p>\u00bfQui\u00e9n es Ricardo B\u00e9jar Herrera?<\/p>\n<p>Ricardo B\u00e9jar Herrera, es abogado, naci\u00f3 en M\u00e9rida, Yucat\u00e1n, actualmente se desempe\u00f1a como Delegado Federal del Trabajo en Yucat\u00e1n, inici\u00f3 sus actividades pol\u00edticas como Presidente del Frente Juvenil Revolucionario del PRI.  <\/p>\n<p>Fue nombrado, posteriormente, como Director de Atenci\u00f3n a la Juventud del Gobierno del Estado, en donde destac\u00f3 por integrar una estructura s\u00f3lida en el interior del estado para atenci\u00f3n de los j\u00f3venes e instituy\u00f3 el reconocimiento  \u201cPremio Estatal a la Juventud\u201d.<\/p>\n<p>Tambi\u00e9n, dentro del PRI, ocup\u00f3 varios cargos como secretario de elecciones, de organizaci\u00f3n, gesti\u00f3n social hasta ocupar el cargo de Presidente del PRI en M\u00e9rida y encabez\u00f3 la estrategia para recuperar los 2 Distritos Federales de la ciudad, as\u00ed como ganar M\u00e9rida para el PRI en el 2010, adem\u00e1s de formar una estructura nueva y fuerte para el PRI en la ciudad capital con la instalaci\u00f3n de los Sub Comit\u00e9s vecinales.<\/p>\n<p>En el a\u00f1o 2007 fue designado como Director del Registro Civil, encomienda que realiz\u00f3 con gran ah\u00ednco. Teniendo grandes iniciativas que beneficiaron a los ciudadanos como la creaci\u00f3n del Programa \u201cBodas Colectivas\u201d que fue de gran impacto entre la sociedad, adem\u00e1s de otros programas como  \u201cMi identidad\u201d, \u201cMi nacionalidad\u201d y Festival registral entre otros. <\/p>\n<p>Por respeto a los electores de M\u00e9rida y para dedicarse de lleno a las tareas municipales present\u00f3 su renuncia al cargo que su partido le confiri\u00f3 y por el que trabaj\u00f3 incansablemente, para asumir el cargo de Regidor. Dentro de su periodo propuso diversas iniciativas entre las cuales cabe mencionar,  la reubicaci\u00f3n del tianguis vehicular, el rescate del parque de la Paz, as\u00ed como la promoci\u00f3n de la unidad deportiva de Ciudad Caucel. <\/p>\n<p>Actualmente se encuentra laborando como Delegado Federal en la Secretar\u00eda del Trabajo y Previsi\u00f3n Social. Dependencia en la que ha alcanzado  el primer lugar a nivel nacional en Cuatro ocasiones continuas en la evaluaci\u00f3n de desempe\u00f1o delegacional,  sumado al trabajo que lidera el gobernador del estado en la que los n\u00fameros en materia laboral son muy favorables para el estado donde se han creado m\u00e1s de 60 mil empleos formales, as\u00ed como tambi\u00e9n se le ve con un acercamiento claro y directo con el sector empresarial y sindical.<br \/>Actualmente sostiene un di\u00e1logo permanente con el sector de la producci\u00f3n dando como resultado la paz laboral que hoy se vive en el estado y apost\u00e1ndole a diversos programas para la aplicaci\u00f3n de acciones que lleven a un desarrollo integral, trabajando de lleno en los centros laborales, llevando a los trabajadores y microempresarios capacitaciones orientaci\u00f3n y asesor\u00edas. <\/p>\n<p>Hoy se ve una delegaci\u00f3n diferente en las calles trabajando con programas de Bolsa de Trabajo en tu colonia, Ferias de empleo, Talleres Laborales para ti, entre otros programas.<\/p>\n<p>\u201cNac\u00ed en M\u00e9rida, mis padres son meridanos, amo a mi ciudad, valoro sus tradiciones, es un orgullo ser Meridano y har\u00e9 todo lo que yo pueda para contribuir a la construcci\u00f3n de una M\u00e9rida mejor. Lo hare con pasi\u00f3n y esmero.  M\u00e9rida merece ser una ciudad Modelo, una Metr\u00f3poli con calidad de  vida para todos, ser la ciudad modelo del mundo. S\u00ed se puede y hay que construirla entre todos. M\u00e9rida S\u00cd, claro que S\u00cd\u201d.<\/p>\n","protected":false},"excerpt":{"rendered":"<p>&#8220;No he decidido nada, he recibido muchas muestras de apoyo pero hay que esperar, cuando los tiempos del PRI y las leyes electorales lo permitan defini<\/p>\n","protected":false},"author":1018,"featured_media":0,"comment_status":"open","ping_status":"open","sticky":false,"template":"","format":"standard","meta":{"tdm_status":"","tdm_grid_status":"","footnotes":""},"categories":[21],"tags":[],"_links":{"self":[{"href":"https:\/\/dralvarez.com.mx\/larevista\/wp-json\/wp\/v2\/posts\/59277"}],"collection":[{"href":"https:\/\/dralvarez.com.mx\/larevista\/wp-json\/wp\/v2\/posts"}],"about":[{"href":"https:\/\/dralvarez.com.mx\/larevista\/wp-json\/wp\/v2\/types\/post"}],"author":[{"embeddable":true,"href":"https:\/\/dralvarez.com.mx\/larevista\/wp-json\/wp\/v2\/users\/1018"}],"replies":[{"embeddable":true,"href":"https:\/\/dralvarez.com.mx\/larevista\/wp-json\/wp\/v2\/comments?post=59277"}],"version-history":[{"count":0,"href":"https:\/\/dralvarez.com.mx\/larevista\/wp-json\/wp\/v2\/posts\/59277\/revisions"}],"wp:attachment":[{"href":"https:\/\/dralvarez.com.mx\/larevista\/wp-json\/wp\/v2\/media?parent=59277"}],"wp:term":[{"taxonomy":"category","embeddable":true,"href":"https:\/\/dralvarez.com.mx\/larevista\/wp-json\/wp\/v2\/categories?post=59277"},{"taxonomy":"post_tag","embeddable":true,"href":"https:\/\/dralvarez.com.mx\/larevista\/wp-json\/wp\/v2\/tags?post=59277"}],"curies":[{"name":"wp","href":"https:\/\/api.w.org\/{rel}","templated":true}]}}