{"id":59276,"date":"2017-10-20T00:00:00","date_gmt":"2017-10-20T06:00:00","guid":{"rendered":"https:\/\/dralvarez.com.mx\/larevista\/blog\/arte-y-cultura-puentes-reparadores-de-hermandad-18891"},"modified":"2017-10-20T00:00:00","modified_gmt":"2017-10-20T06:00:00","slug":"arte-y-cultura-puentes-reparadores-de-hermandad-18891","status":"publish","type":"post","link":"https:\/\/dralvarez.com.mx\/larevista\/yucatan\/arte-y-cultura-puentes-reparadores-de-hermandad-18891","title":{"rendered":"Arte y cultura, puentes reparadores de hermandad"},"content":{"rendered":"<\/p>\n<p>M\u00e9rida, Yucat\u00e1n, 19 de octubre de 2017.- Frente a la emergencia a causa de los fen\u00f3menos naturales, la cultura y las expresiones art\u00edsticas son un instrumento reparador, porque siempre las fuerzas creadoras vencer\u00e1n a las destructoras, afirmaron autoridades estatales y federales en la inauguraci\u00f3n de la sexta edici\u00f3n del Festival Internacional de la Cultura Maya (Ficmaya), \u201cLa cosmogon\u00eda y la preservaci\u00f3n del planeta\u201d.<\/p>\n<p>En ceremonia encabezada por el Gobernador Rolando Zapata Bello en el emblem\u00e1tico teatro \u201cJos\u00e9 Pe\u00f3n Contreras\u201d, se dej\u00f3 de manifiesto que tanto el Ficmaya como el Festival Internacional Cervantino son portadores de un mensaje que dice que M\u00e9xico est\u00e1 en pie, compartiendo con el mundo lo m\u00e1s preciado que tiene y que radica en la cultura y las obras de sus creadores.<\/p>\n<p>Acompa\u00f1ado del subsecretario de Desarrollo Cultural, Sa\u00fal Ju\u00e1rez Vega y la Presidenta del Sistema para el Desarrollo Integral de la Familia (DIF) Yucat\u00e1n, Sarita Blancarte de Zapata, el titular del Poder Ejecutivo asever\u00f3 que a trav\u00e9s de la cultura y las expresiones art\u00edsticas, los festivales construyen puentes de saber y de hermandad, y son fuente para alimentar el esp\u00edritu.<\/p>\n<p>\u201cAs\u00ed, de esos conocimientos hemos aprendido que la cosmogon\u00eda siempre ofrece comienzos de nuevas eras, de nuevos ciclos a los que los humanos estamos sujetos como parte de la naturaleza y como reflejo de nuestra cultura\u201d, subray\u00f3 en presencia de Alicia Ayala Bolado, directora de Relaciones P\u00fablicas de la Orquesta Filarm\u00f3nica de M\u00e9xico y representante de la Ciudad de M\u00e9xico, entidad invitada de honor.<\/p>\n<p>Ante el embajador de Canad\u00e1 en M\u00e9xico, pa\u00eds invitado de honor, Pierre Alarie, Zapata Bello resalt\u00f3 que el Ficmaya se ha ganado un lugar en el concierto nacional e internacional, adem\u00e1s de labrarse un sitio acompa\u00f1ado de la generosidad de pa\u00edses amigos, entidades nacionales e instituciones hermanas, as\u00ed como de cientos de artistas y acad\u00e9micos para transitar juntos el trayecto que inici\u00f3 con el tema \u201cEl tiempo\u201d.<\/p>\n<p>\u201cNuevos tiempos vendr\u00e1n. Sin embargo, planteo que es mi mayor deseo que este Festival trascienda tiempos administrativos y contin\u00fae posicion\u00e1ndose como lo que es, el espacio que ha privilegiado los eventos de car\u00e1cter acad\u00e9mico que tanto han aportado acerca de la cultura maya de ayer y de hoy\u201d, acot\u00f3 durante la ceremonia, en la que se guard\u00f3 un minuto de silencio en memoria de los afectados por los sismos que ocurrieron hace un mes en la Ciudad de M\u00e9xico y otros estados del pa\u00eds.<\/p>\n<p>En su turno, Ju\u00e1rez Vega precis\u00f3 que el Ficmaya es un festival de Yucat\u00e1n para la naci\u00f3n en este momento tan dif\u00edcil, en el que pasamos de la emergencia a la recuperaci\u00f3n. \u201cPara m\u00ed el arte contiene un efecto sanador en la medida del mundo paralelo que construimos interiormente al sentir el movimiento del cuerpo al vibrar al llamado de los instrumentos musicales, al disfrutar de una actuaci\u00f3n impactante\u201d, puntualiz\u00f3.<\/p>\n<p>Ante el presidente Ejecutivo del Festival, Jorge Esma Baz\u00e1n y del director de la Sociedad General de Escritores de M\u00e9xico, Jes\u00fas Calzada G\u00f3mez, Pierre Alarie declar\u00f3 que Canad\u00e1 y el territorio comparten los mismos valores respecto al cuidado del medio ambiente, el apoyo a los j\u00f3venes, a la diversidad y a la inclusi\u00f3n, especialmente el compromiso con los pueblos originarios.<\/p>\n<p>En ese marco, se proyect\u00f3 un video en el que se dieron a conocer las m\u00e1s de 350 actividades que se realizar\u00e1n durante los pr\u00f3ximos 18 d\u00edas como parte del encuentro, que adem\u00e1s contempla la participaci\u00f3n de 150 artistas canadienses y 25 exposiciones.<\/p>\n<p>Entre los eventos m\u00e1s representativos destacan la mesa redonda \u201cLa cosmogon\u00eda y la mitolog\u00eda entre los mayas\u201d y la entrega de un reconocimiento a Mercedes de la Garza, por su importante trayectoria como historiadora.<\/p>\n<p>Los pa\u00edses que participar\u00e1n en esta gran fiesta del conocimiento y aprecio por la milenaria cultura son Argentina, Belice, Corea, Eslovaquia, Espa\u00f1a, Francia, India, Italia, Cuba, Rep\u00fablica Dominicana, Venezuela, Estados Unidos, Egipto, Jap\u00f3n, Grecia, Brasil, Alemania, Jordania, Honduras, L\u00edbano, China, Ecuador y Per\u00fa. Tambi\u00e9n, se involucra el Festival Internacional Cervantino, la Universidad Nacional Aut\u00f3noma de M\u00e9xico (UNAM) como instituci\u00f3n invitada y la provincia de Anhu\u00ed, China.<\/p>\n<p>Tras el acto protocolario, el mandatario presenci\u00f3 un desfile multicolor en el que estuvo la Real Polic\u00eda Montada de Canad\u00e1 y la Storice Banderas de Italia, entre otros grupos art\u00edsticos locales.<\/p>\n<p><b>Discurso del Gobernador Rolando Zapata Bello<\/b><\/p>\n<\/p>\n<p>Muy buenas noches tengan todas y todos ustedes. Me da much\u00edsimo gusto saludar a mi amigo, el licenciado Sa\u00fal Ju\u00e1rez Vega, subsecretario de Desarrollo Cultural y representante personal de la licenciada Mar\u00eda Cristina Garc\u00eda Cepeda, secretaria de Cultura del Gobierno de la Rep\u00fablica. Te pido, Sa\u00fal, le transmitas a nuestra querida secretaria un saludo afectuoso, c\u00e1lido.<u><\/u><u><\/u><\/p>\n<p>Hoy tuve la oportunidad de platicar con ella en la tarde, tuvo la gentileza de hablarnos, de disculparnos por no haber podido asistir a esta importante inauguraci\u00f3n, como ella lo hubiera deseado y nos lo hab\u00eda planteado, pero nos solidarizamos totalmente.<u><\/u><u><\/u><\/p>\n<p>Nos expresaba que se encuentran inmersos en un trabajo muy profundo, verificando las afectaciones o posibles afectaciones a m\u00faltiples edificios, patrimonio hist\u00f3rico de nuestra Rep\u00fablica y, por supuesto, nosotros nos solidarizamos plenamente y te pedimos, Sa\u00fal, le transmitas todo nuestro afecto y toda nuestra gratitud a la secretaria del Gobierno de la Rep\u00fablica y al se\u00f1or Presidente por el gran apoyo para este festival. Muchas gracias.<u><\/u><u><\/u><\/p>\n<p>Me da much\u00edsimo gusto saludar al se\u00f1or Pierre Alarie, excelent\u00edsimo embajador de Canad\u00e1 en M\u00e9xico; much\u00edsimas gracias, se\u00f1or embajador, por su presencia y por todo el apoyo dispensado a este gran festival. Sus palabras nos motivan y, por supuesto, sentimos que esa relaci\u00f3n entre naciones hermanas como M\u00e9xico y Canad\u00e1, como Canad\u00e1 y M\u00e9xico, pasan por un gran momento, con fuertes lazos que nos unen ahora m\u00e1s que nunca. Muchas gracias, se\u00f1or embajador.<u><\/u><u><\/u><\/p>\n<p>Me permito saludar a la maestra Alicia Ayala Bolado, directora de Relaciones P\u00fablicas de la Orquesta Filarm\u00f3nica de M\u00e9xico y representante personal del secretario de Cultura de la Ciudad de M\u00e9xico, entidad invitada de honor. Much\u00edsimas gracias, maestra, le pido le transmita un saludo muy afectuoso a mi amigo, el se\u00f1or jefe de Gobierno Miguel \u00c1ngel Mancera.<u><\/u><u><\/u><\/p>\n<p>Y por supuesto, expresar y reiterar nuestra solidaridad por las afectaciones a toda la sociedad y a la gran Ciudad de M\u00e9xico, y por supuesto que reconocemos much\u00edsimo que, a\u00fan con la contingencia que todos observamos, esta gran presencia de la Ciudad de M\u00e9xico se d\u00e9 en este festival; hab\u00edamos acordado hace un a\u00f1o y creo que todos hubi\u00e9ramos podido entender cualquier disculpa pero, sin embargo, su presencia nos compromete a\u00fan m\u00e1s con ese esp\u00edritu solidario. Much\u00edsimas gracias a la Ciudad de M\u00e9xico por estar presente aqu\u00ed, en el festival Ficmaya.<u><\/u><u><\/u><\/p>\n<p>Saludo con much\u00edsimo respeto a los representantes de los Poderes p\u00fablicos de nuestro Estado; distinguidas autoridades civiles, autoridades militares, autoridades navales; querida Sarita, mi esposa. Quiero saludar de manera muy particular al se\u00f1or Liu Weidong, representante especial del gobernador de la provincia Anhui; la provincia Anhui es nuestra provincia hermana, hermanada con el estado de Yucat\u00e1n y le agradecemos mucho su presencia.<u><\/u><u><\/u><\/p>\n<p>Muchas gracias al se\u00f1or rector de nuestra m\u00e1xima casa de estudios, much\u00edsimas gracias; much\u00edsimas gracias al se\u00f1or c\u00f3nsul de los Estados Unidos de Norteam\u00e9rica; much\u00edsimas gracias, se\u00f1or c\u00f3nsul de la hermana Rep\u00fablica de Cuba; a todo el cuerpo consular aqu\u00ed presente, much\u00edsimas gracias por su presencia; a todas y todos ustedes, amigas y amigos.<u><\/u><u><\/u><\/p>\n<p>Estimado maestro y amigo Jorge Esma Baz\u00e1n, director del Instituto de Historia y Museos, y presidente Ejecutivo del Festival Internacional de la Cultura Maya; muchas gracias, maestro Esma, por toda esa pasi\u00f3n y toda esa entrega volcada en este festival, \u00e9sta ya la sexta edici\u00f3n y que, por supuesto, nos representa un gran reto a\u00f1o con a\u00f1o para verdaderamente consolidar este esfuerzo que es producto de muchas voluntades, a quienes agradecemos en todo lo que vale puntualmente todo este gran apoyo.<u><\/u><u><\/u><\/p>\n<p>Quisiera subrayar en estas, mis primeras palabras, enviar un saludo fraternal a nuestros hermanos de Ciudad de M\u00e9xico, la entidad invitada de honor a esta sexta edici\u00f3n del Festival Internacional de la Cultura Maya; sin duda, el esp\u00edritu generoso e indomable que caracteriza a los habitantes de nuestra ciudad capital, ante los rugidos de las entra\u00f1as de la naturaleza, seguir\u00e1 presente y se expresar\u00e1 por siempre, manteniendo vivo el esp\u00edritu de la gran Tenochtitl\u00e1n.<u><\/u><u><\/u><\/p>\n<p>Nuestra solidaridad por siempre con ellos y con nuestros hermanos de todas las entidades afectadas por los recientes sismos. As\u00ed, con la alegr\u00eda de dar inicio a una edici\u00f3n m\u00e1s de nuestro Festival Internacional de la Cultura Maya, perm\u00edtanme compartir con ustedes algunos pensamientos, que mucho tienen que ver con nuestros or\u00edgenes mayas.<u><\/u><u><\/u><\/p>\n<p>Los estudiosos de las culturas mesoamericanas nos han mostrado la importancia de los mitos de creaci\u00f3n, de las concepciones primigenias, de la cosmogon\u00eda que da orden al misterio del caos originario, y esos estudios tambi\u00e9n nos han mostrado que, por fortuna, a\u00fan en el siglo XXI, esas concepciones primarias contin\u00faan jugando un papel fundamental en nuestras culturas.<u><\/u><u><\/u><\/p>\n<p>Sin embargo, habremos de reconocer que, en ocasiones, puede parecernos dif\u00edcil a las mujeres y hombres de este siglo comprender en su plena magnitud la cosmogon\u00eda de los pueblos originarios, y precisamente festivales como \u00e9ste nos acercan a ello a trav\u00e9s del intercambio acad\u00e9mico y de la expresi\u00f3n art\u00edstica, festivales que construyen puentes de saber, puentes de hermandad y que son fuente tambi\u00e9n en donde el esp\u00edritu se alimenta.<u><\/u><u><\/u><\/p>\n<p>As\u00ed, de esos conocimientos hemos aprendido que la cosmogon\u00eda siempre ofrece comienzos de nuevas eras, de nuevos ciclos a los que los humanos estamos sujetos como parte de la naturaleza y como reflejo de nuestra cultura, y con esta sexta edici\u00f3n del Ficmaya, se cumple el ciclo que inici\u00f3 a las pocas semanas de haber iniciado mi mandato de Gobierno.<u><\/u><u><\/u><\/p>\n<p>En el 2012, inici\u00e1bamos esta venturosa iniciativa con el apoyo siempre generoso del Presidente Enrique Pe\u00f1a Nieto, para hacer que este Festival se asentara como referente acad\u00e9mico y como estela cultural, en el pa\u00eds y m\u00e1s all\u00e1 de sus fronteras, y que construyera por s\u00ed mismo su lugar de honor.<u><\/u><u><\/u><\/p>\n<p>Hoy, cuando damos pie al inicio de esta sexta edici\u00f3n, con toda honestidad puedo decir que el compromiso adquirido con M\u00e9xico y con la comunidad internacional, tur\u00edstica y acad\u00e9mica se est\u00e1 cumpliendo. El Ficmaya, por s\u00ed mismo, se ha ganado un lugar en el concierto nacional e internacional al erigirse en el privilegio de la reflexi\u00f3n y de la persistencia del pensamiento.<u><\/u><u><\/u><\/p>\n<p>El Ficmaya se ha labrado un lugar acompa\u00f1ado siempre de la generosidad de pa\u00edses amigos, entidades nacionales e instituciones hermanas, y de cientos de artistas y acad\u00e9micos, para transitar juntos el trayecto que iniciamos con el tema del tiempo, para seguir con el paisaje, la arquitectura, la ciencia, el lenguaje y la imaginaci\u00f3n, y as\u00ed arribar finalmente en este primer ciclo a \u201cLa cosmogon\u00eda y la preservaci\u00f3n del planeta\u201d.<u><\/u><u><\/u><\/p>\n<p>El t\u00edtulo de esta edici\u00f3n es en s\u00ed mismo provocador y un reto, y ser\u00e1n los pr\u00f3ximos 18 d\u00edas momentos decisivos para reflexionar sobre nuestro paso por el bello planeta que nos acoge y su futuro, el bello planeta que nos ha permitido contener el caos de nuestras primeras explicaciones o interpretaciones de d\u00f3nde venimos.<u><\/u><u><\/u><\/p>\n<p>Desde la perspectiva de la cosmogon\u00eda, la creaci\u00f3n humana siempre est\u00e1 regulada por el tiempo y siempre tambi\u00e9n vinculada a lo divino, ll\u00e1mense dioses o naturaleza. Nuestros pueblos originarios, aqu\u00ed en Mesoam\u00e9rica y en Canad\u00e1, crearon sus propios relatos para explicarse y explicarnos nuestro origen; honraremos esos relatos llenos de sabidur\u00eda que, sin duda, pueden ayudarnos a entender, pero sobre todo, a cuidar y preservar a nuestro planeta.<u><\/u><u><\/u><\/p>\n<p>Saludamos con much\u00edsimo gusto la iniciativa de Canad\u00e1, nuestro pa\u00eds invitado de honor, por la declaratoria del A\u00f1o de la Solidaridad con los Pueblos Originarios, y mucho agradecemos la participaci\u00f3n de la Real Polic\u00eda Montada de su pa\u00eds, as\u00ed como la de una gran misi\u00f3n de m\u00e1s de 150 artistas, acad\u00e9micos y cient\u00edficos participantes. Muchas gracias, se\u00f1or embajador.<u><\/u><u><\/u><\/p>\n<p>Saludamos y agradecemos la colaboraci\u00f3n y generosa participaci\u00f3n de la Universidad Nacional Aut\u00f3noma de M\u00e9xico; por supuesto, de la Secretar\u00eda de la Cultura a trav\u00e9s de m\u00faltiples apoyos, y particularmente, a trav\u00e9s del Festival Internacional Cervantino, y como subrayamos de manera muy destacada hace un rato, el gran apoyo y participaci\u00f3n de la Ciudad de M\u00e9xico, nuestra entidad invitada, por la gran escena cultural con la que participa.<u><\/u><u><\/u><\/p>\n<p>A nombre del Gobierno y del pueblo de Yucat\u00e1n, agradecemos y valoramos enormemente su contribuci\u00f3n. Asimismo, a nuestra hermana provincia de Anhui por la fruct\u00edfera relaci\u00f3n de intercambio en m\u00faltiples materias que hemos establecido. Muchas gracias a la provincia hermana de Anhui, China.<u><\/u><u><\/u><\/p>\n<p>Mi ciclo como gobernante, como todos los ciclos, seg\u00fan nos ense\u00f1a la cosmogon\u00eda, llega a su fin el pr\u00f3ximo a\u00f1o; nuevos tiempos vendr\u00e1n. Sin embargo, con toda honestidad, planteo ante ustedes que es mi mayor deseo que este festival trascienda los tiempos institucionales y contin\u00fae posicion\u00e1ndose como lo que es: como un espacio que ha privilegiado los eventos de car\u00e1cter acad\u00e9mico, de reflexi\u00f3n y pensamiento que tanto han aportado acerca de la cultura maya de ayer y de hoy.<u><\/u><u><\/u><\/p>\n<p>Conf\u00edo plenamente en que tanto nuestro planeta como el saber construido por los hombres y mujeres se preserven en beneficio de la humanidad, y cuid\u00e9monos del caos anterior al tiempo, como nos ense\u00f1an nuestros gemelos del Popol Vuh, conservando el equilibrio entre cosmovisi\u00f3n y naturaleza, recordando siempre que, de acuerdo con la cosmogon\u00eda, las fuerzas creadoras al final siempre vencen sobre las fuerzas destructoras. Muchas gracias.<\/p><\/p>\n","protected":false},"excerpt":{"rendered":"<p>Inicia la sexta edici\u00f3n del Festival Internacional de la Cultura Maya.<\/p>\n","protected":false},"author":1018,"featured_media":0,"comment_status":"open","ping_status":"open","sticky":false,"template":"","format":"standard","meta":{"tdm_status":"","tdm_grid_status":"","footnotes":""},"categories":[21],"tags":[],"_links":{"self":[{"href":"https:\/\/dralvarez.com.mx\/larevista\/wp-json\/wp\/v2\/posts\/59276"}],"collection":[{"href":"https:\/\/dralvarez.com.mx\/larevista\/wp-json\/wp\/v2\/posts"}],"about":[{"href":"https:\/\/dralvarez.com.mx\/larevista\/wp-json\/wp\/v2\/types\/post"}],"author":[{"embeddable":true,"href":"https:\/\/dralvarez.com.mx\/larevista\/wp-json\/wp\/v2\/users\/1018"}],"replies":[{"embeddable":true,"href":"https:\/\/dralvarez.com.mx\/larevista\/wp-json\/wp\/v2\/comments?post=59276"}],"version-history":[{"count":0,"href":"https:\/\/dralvarez.com.mx\/larevista\/wp-json\/wp\/v2\/posts\/59276\/revisions"}],"wp:attachment":[{"href":"https:\/\/dralvarez.com.mx\/larevista\/wp-json\/wp\/v2\/media?parent=59276"}],"wp:term":[{"taxonomy":"category","embeddable":true,"href":"https:\/\/dralvarez.com.mx\/larevista\/wp-json\/wp\/v2\/categories?post=59276"},{"taxonomy":"post_tag","embeddable":true,"href":"https:\/\/dralvarez.com.mx\/larevista\/wp-json\/wp\/v2\/tags?post=59276"}],"curies":[{"name":"wp","href":"https:\/\/api.w.org\/{rel}","templated":true}]}}