{"id":59275,"date":"2017-10-20T00:00:00","date_gmt":"2017-10-20T06:00:00","guid":{"rendered":"https:\/\/dralvarez.com.mx\/larevista\/blog\/se-analiza-la-participacion-politica-de-las-mujeres-en-yucatan-18890"},"modified":"2017-10-20T00:00:00","modified_gmt":"2017-10-20T06:00:00","slug":"se-analiza-la-participacion-politica-de-las-mujeres-en-yucatan-18890","status":"publish","type":"post","link":"https:\/\/dralvarez.com.mx\/larevista\/yucatan\/se-analiza-la-participacion-politica-de-las-mujeres-en-yucatan-18890","title":{"rendered":"Se analiza la participaci\u00f3n pol\u00edtica de las mujeres en Yucat\u00e1n"},"content":{"rendered":"<\/p>\n<p>M\u00e9rida, Yucat\u00e1n, 19 de octubre de 2017.- Con el objetivo de desarrollar estrategias para visibilizar, impulsar y promover el empoderamiento de las mujeres en los espacios pol\u00edticos rumbo al pr\u00f3ximo proceso electoral, el Instituto para la Igualdad entre Mujeres y Hombres (Ipiemh) realiz\u00f3 mesas de trabajo en el marco de la conmemoraci\u00f3n del 64 aniversario del voto femenino en M\u00e9xico.<\/p>\n<p>La directora de la dependencia, Alaine L\u00f3pez Brice\u00f1o, declar\u00f3 que el Observatorio de Participaci\u00f3n Pol\u00edtica de las Mujeres en Yucat\u00e1n (Oppmy) se cre\u00f3 para apoyar y empoderar a este sector en la entidad. En este sentido, indic\u00f3 que \u201ctenemos una gran oportunidad, porque poseemos la capacidad de trabajar en equipo y poder complementar los enfoques de Gobierno\u201d.<\/p>\n<p>\u201cEl pr\u00f3ximo a\u00f1o tendremos unas elecciones con las que contaremos con paridad horizontal y vertical pero, por el momento, podemos ver materializada la iniciativa de nuestro Gobernador, Rolando Zapata Bello, con las ocho alcaldesas del estado\u201d, declar\u00f3.<\/p>\n<p>Por su parte, el magistrado presidente del Tribunal Electoral del Estado de Yucat\u00e1n (TEEY), Fernando Javier Bolio Vales, afirm\u00f3 que se trabaja firmemente para demostrar a los diferentes municipios que las mujeres y hombres tienen igualdad de oportunidades en la pol\u00edtica.<\/p>\n<p>Las mesas estuvieron integradas por alcaldesas y regidoras de los Ayuntamientos de Acanceh, Akil, Bokob\u00e1, Chapab, Chicxulub Pueblo, Sinanch\u00e9, Valladolid y Tekant\u00f3, quienes analizaron sus experiencias y percepciones sobre el tema.<\/p>\n<p>En la actividad, se afirm\u00f3 que existe violencia pol\u00edtica pero tambi\u00e9n se ha incorporado mecanismos que protegen los derechos humanos y contribuyen al liderazgo de las mujeres. Por consiguiente, cuando una de ellas ocupa un alto cargo, genera una mayor confianza y seguridad en las mismas.<\/p>\n<p>Los resultados obtenidos servir\u00e1n para diagnosticar la situaci\u00f3n de la participaci\u00f3n de este sector en Yucat\u00e1n, as\u00ed como los retos, avances y la persistencia de obst\u00e1culos. Estuvo presente el director de Empoderamiento y Participaci\u00f3n de la Mujer del Ipiemh, Miguel Iuit Iuit.<\/p><\/p>\n","protected":false},"excerpt":{"rendered":"<p>Con el objetivo de desarrollar estrategias para visibilizar, impulsar y promover el empoderamiento de las mujeres en los espacios pol\u00edticos rumbo al p<\/p>\n","protected":false},"author":1018,"featured_media":0,"comment_status":"open","ping_status":"open","sticky":false,"template":"","format":"standard","meta":{"tdm_status":"","tdm_grid_status":"","footnotes":""},"categories":[21],"tags":[],"_links":{"self":[{"href":"https:\/\/dralvarez.com.mx\/larevista\/wp-json\/wp\/v2\/posts\/59275"}],"collection":[{"href":"https:\/\/dralvarez.com.mx\/larevista\/wp-json\/wp\/v2\/posts"}],"about":[{"href":"https:\/\/dralvarez.com.mx\/larevista\/wp-json\/wp\/v2\/types\/post"}],"author":[{"embeddable":true,"href":"https:\/\/dralvarez.com.mx\/larevista\/wp-json\/wp\/v2\/users\/1018"}],"replies":[{"embeddable":true,"href":"https:\/\/dralvarez.com.mx\/larevista\/wp-json\/wp\/v2\/comments?post=59275"}],"version-history":[{"count":0,"href":"https:\/\/dralvarez.com.mx\/larevista\/wp-json\/wp\/v2\/posts\/59275\/revisions"}],"wp:attachment":[{"href":"https:\/\/dralvarez.com.mx\/larevista\/wp-json\/wp\/v2\/media?parent=59275"}],"wp:term":[{"taxonomy":"category","embeddable":true,"href":"https:\/\/dralvarez.com.mx\/larevista\/wp-json\/wp\/v2\/categories?post=59275"},{"taxonomy":"post_tag","embeddable":true,"href":"https:\/\/dralvarez.com.mx\/larevista\/wp-json\/wp\/v2\/tags?post=59275"}],"curies":[{"name":"wp","href":"https:\/\/api.w.org\/{rel}","templated":true}]}}