{"id":59274,"date":"2017-10-20T00:00:00","date_gmt":"2017-10-20T06:00:00","guid":{"rendered":"https:\/\/dralvarez.com.mx\/larevista\/blog\/por-fin-este-martes-llegaria-el-primer-frente-frio-a-yucatan-18889"},"modified":"2017-10-20T00:00:00","modified_gmt":"2017-10-20T06:00:00","slug":"por-fin-este-martes-llegaria-el-primer-frente-frio-a-yucatan-18889","status":"publish","type":"post","link":"https:\/\/dralvarez.com.mx\/larevista\/yucatan\/por-fin-este-martes-llegaria-el-primer-frente-frio-a-yucatan-18889","title":{"rendered":"Por fin, este martes llegar\u00eda el primer frente fr\u00edo a Yucat\u00e1n"},"content":{"rendered":"<p>M\u00e9rida, Yucat\u00e1n; 19 de octubre de 2017 (ACOM).- El sitio especializado, Meteorolog\u00eda Yucat\u00e1n, anticip\u00f3 la posible llegada de un frente fr\u00edo a m\u00e1s tardar el pr\u00f3ximo martes a la Pen\u00ednsula.<\/p>\n<p><\/p>\n<\/p>\n<p>Seg\u00fan Juan Antonio Palma, especialista y administrador del sitio, existe la probabilidad de que durante la pr\u00f3xima semana comiencen a llegar gradualmente a la regi\u00f3n las primeras masas de aire fr\u00edo de la temporada.<\/p>\n<p>Seg\u00fan explic\u00f3, estas masas ya est\u00e1n presentes en el norte del pa\u00eds, aunque mencion\u00f3 que esta vez se \u201cescurrir\u00edan\u201d m\u00e1s hacia estas latitudes, lo que comenzar\u00e1 a dejar noches y ma\u00f1anas de fr\u00edas a frescas.<\/p>\n<p>\u201cDe acuerdo con diversos pron\u00f3sticos, un frente fr\u00edo asociado a una extensa vaguada polar sobre Estados Unidos llegar\u00eda al Golfo de M\u00e9xico en las primeras horas del lunes, avanzar\u00eda hacia el sureste y posiblemente alcance la pen\u00ednsula en el transcurso de la tarde o noche del martes\u201d, extern\u00f3.<\/p>\n<p>Anticip\u00f3 que este primer frente fr\u00edo de la temporada se estacionar\u00eda sobre la pen\u00ednsula el martes y se reforzar\u00eda d\u00edas despu\u00e9s o llegar\u00eda de lleno desde ese mismo d\u00eda.<\/p>\n<p>\u201cEn todos los casos, se pronostica que generar\u00e1 lluvias, evento de Norte en la costa con vientos superiores a los 50 kil\u00f3metros por hora y un refrescamiento de las temperaturas, que podr\u00e1n descender a m\u00ednimos de entre 15 y 20 grados despu\u00e9s del paso del frente\u201d, explic\u00f3.<\/p>\n<p>La temporada de frentes fr\u00edos inicia en septiembre y podr\u00eda extenderse hasta maya del siguiente a\u00f1o con un promedio de entre 40 y 50 sistemas frontales que llegan a M\u00e9xico.<\/p>\n<p>En el caso de Yucat\u00e1n, los sistemas arriban con mayor frecuencia entre noviembre y febrero, con un promedio de hasta seis por mes, propiciando descenso en las temperaturas durante las ma\u00f1anas y las noches.<\/p><\/p>\n","protected":false},"excerpt":{"rendered":"<p>El sitio especializado, Meteorolog\u00eda Yucat\u00e1n, anticip\u00f3 la posible llegada de un frente fr\u00edo a m\u00e1s tardar el pr\u00f3ximo martes a la Pen\u00ednsula.<\/p>\n","protected":false},"author":1018,"featured_media":0,"comment_status":"open","ping_status":"open","sticky":false,"template":"","format":"standard","meta":{"tdm_status":"","tdm_grid_status":"","footnotes":""},"categories":[21],"tags":[],"_links":{"self":[{"href":"https:\/\/dralvarez.com.mx\/larevista\/wp-json\/wp\/v2\/posts\/59274"}],"collection":[{"href":"https:\/\/dralvarez.com.mx\/larevista\/wp-json\/wp\/v2\/posts"}],"about":[{"href":"https:\/\/dralvarez.com.mx\/larevista\/wp-json\/wp\/v2\/types\/post"}],"author":[{"embeddable":true,"href":"https:\/\/dralvarez.com.mx\/larevista\/wp-json\/wp\/v2\/users\/1018"}],"replies":[{"embeddable":true,"href":"https:\/\/dralvarez.com.mx\/larevista\/wp-json\/wp\/v2\/comments?post=59274"}],"version-history":[{"count":0,"href":"https:\/\/dralvarez.com.mx\/larevista\/wp-json\/wp\/v2\/posts\/59274\/revisions"}],"wp:attachment":[{"href":"https:\/\/dralvarez.com.mx\/larevista\/wp-json\/wp\/v2\/media?parent=59274"}],"wp:term":[{"taxonomy":"category","embeddable":true,"href":"https:\/\/dralvarez.com.mx\/larevista\/wp-json\/wp\/v2\/categories?post=59274"},{"taxonomy":"post_tag","embeddable":true,"href":"https:\/\/dralvarez.com.mx\/larevista\/wp-json\/wp\/v2\/tags?post=59274"}],"curies":[{"name":"wp","href":"https:\/\/api.w.org\/{rel}","templated":true}]}}