{"id":59272,"date":"2017-10-20T00:00:00","date_gmt":"2017-10-20T06:00:00","guid":{"rendered":"https:\/\/dralvarez.com.mx\/larevista\/blog\/marchan-mas-de-3-mil-personas-por-el-dia-internacional-de-la-lucha-contra-el-cancer-18887"},"modified":"2017-10-20T00:00:00","modified_gmt":"2017-10-20T06:00:00","slug":"marchan-mas-de-3-mil-personas-por-el-dia-internacional-de-la-lucha-contra-el-cancer-18887","status":"publish","type":"post","link":"https:\/\/dralvarez.com.mx\/larevista\/yucatan\/marchan-mas-de-3-mil-personas-por-el-dia-internacional-de-la-lucha-contra-el-cancer-18887","title":{"rendered":"Marchan m\u00e1s de 3 mil personas por el D\u00eda Internacional de la Lucha contra el c\u00e1ncer"},"content":{"rendered":"<\/p>\n<p>M\u00e9rida, Yucat\u00e1n; 19 de octubre de 2017 (ACOM).- En el marco del D\u00eda Mundial de la Lucha contra el C\u00e1ncer, unas 3 mil personas, principalmente mujeres acudieron a una marcha para reivindicar sus derechos a una atenci\u00f3n m\u00e9dica digna y sensibilizar a la poblaci\u00f3n sobre el impacto que esta lacerante enfermedad que ocasiona la muerte de muchas mujeres.<u><\/u><u><\/u><\/p>\n<p>El evento se realiz\u00f3 en el Parque de Mejorada, organizado por la Secretar\u00eda de Salubridad y Asistencia del Estado (SSA), donde se inform\u00f3 que la tarea m\u00e1s importante es convocar a un mayor n\u00famero de mujeres a prevenir este padecimiento, que en Yucat\u00e1n sigue siendo un problema de alto impacto, y que en 2106 ocasion\u00f3 134 decesos.<u><\/u><u><\/u><\/p>\n<p>Sobre este tema, Jorge Mar\u00edn Marrufo, director del Centro de Salud de M\u00e9rida se\u00f1al\u00f3 que es vital que un mayor n\u00famero de mujeres est\u00e9n conscientes del avance de este problema y prevenirlo, por ello, es preciso que las mujeres a partir de los 20 a\u00f1os realicen sus primeras auto exploraciones, de los 25 a los 39 realizar visitas cl\u00ednicas por lo menos una vez al a\u00f1o y de los 40 a los 69 practicarse la mastograf\u00eda.<u><\/u><u><\/u><\/p>\n<p>Indic\u00f3 que, en 2013 cuando se convoc\u00f3 a la primera caminata por el D\u00eda Mundial de la Lucha contra el c\u00e1ncer participaron unas 800 personas. Para esta cuarta edici\u00f3n el n\u00famero de mujeres que se unen a esta causa y promueven las tareas de prevenci\u00f3n suman m\u00e1s de 3 mil.<u><\/u><u><\/u><\/p>\n<p>Explic\u00f3 que, en 2016 se realizaron 17 mil procedimientos, an\u00e1lisis y mastrograf\u00edas en el Centro de Salud de M\u00e9rida, en tanto que este a\u00f1o suman ya unas 6 mil pero es preciso, dijo, que sean m\u00e1s mujeres, sobre todo las mujeres campesinas las que acudan a estos servicios m\u00e9dicos y reciban informaci\u00f3n, se realicen an\u00e1lisis y se practiquen los ex\u00e1menes para estar sanas.<u><\/u><u><\/u><\/p>\n<p>Mar\u00edn Marrufo expuso que esta es una enfermedad silenciosa que debe ser detectada siempre a tiempo, para poder ser debidamente atendida y ofrecer los mejores resultados, las tareas de prevenci\u00f3n son b\u00e1sicas y por ello desde los medios de comunicaci\u00f3n y en los distintos puntos de trabajo del sector salud hay informaci\u00f3n, se ofrece pl\u00e1ticas y se realizan actividades, para alcanzar a un mayor n\u00famero de personas.<u><\/u><u><\/u><\/p>\n<p>El recorrido de la caminata cubri\u00f3 8 esquinas partiendo desde la calla 50 con 57 del Centro Hist\u00f3rico, borde\u00f3 2 manzanas hasta la 50 con 61, avanz\u00f3 sobre la 52 hasta la 57 y retorn\u00f3 al parque de Mejorada donde se realiz\u00f3 el acto protocolario.<u><\/u><u><\/u><\/p>\n<p>Finalmente, las asistentes soltaron unos globos rosados, color que identifica la causa internacional de la lucha contra el c\u00e1ncer.<\/p><\/p>\n","protected":false},"excerpt":{"rendered":"<p>El objetivo es sensibilizar a las mujeres para que tomen las medidas de prevenci\u00f3n.<\/p>\n","protected":false},"author":1018,"featured_media":0,"comment_status":"open","ping_status":"open","sticky":false,"template":"","format":"standard","meta":{"tdm_status":"","tdm_grid_status":"","footnotes":""},"categories":[21],"tags":[],"_links":{"self":[{"href":"https:\/\/dralvarez.com.mx\/larevista\/wp-json\/wp\/v2\/posts\/59272"}],"collection":[{"href":"https:\/\/dralvarez.com.mx\/larevista\/wp-json\/wp\/v2\/posts"}],"about":[{"href":"https:\/\/dralvarez.com.mx\/larevista\/wp-json\/wp\/v2\/types\/post"}],"author":[{"embeddable":true,"href":"https:\/\/dralvarez.com.mx\/larevista\/wp-json\/wp\/v2\/users\/1018"}],"replies":[{"embeddable":true,"href":"https:\/\/dralvarez.com.mx\/larevista\/wp-json\/wp\/v2\/comments?post=59272"}],"version-history":[{"count":0,"href":"https:\/\/dralvarez.com.mx\/larevista\/wp-json\/wp\/v2\/posts\/59272\/revisions"}],"wp:attachment":[{"href":"https:\/\/dralvarez.com.mx\/larevista\/wp-json\/wp\/v2\/media?parent=59272"}],"wp:term":[{"taxonomy":"category","embeddable":true,"href":"https:\/\/dralvarez.com.mx\/larevista\/wp-json\/wp\/v2\/categories?post=59272"},{"taxonomy":"post_tag","embeddable":true,"href":"https:\/\/dralvarez.com.mx\/larevista\/wp-json\/wp\/v2\/tags?post=59272"}],"curies":[{"name":"wp","href":"https:\/\/api.w.org\/{rel}","templated":true}]}}