{"id":59268,"date":"2017-10-20T00:00:00","date_gmt":"2017-10-20T06:00:00","guid":{"rendered":"https:\/\/dralvarez.com.mx\/larevista\/blog\/lluvia-de-juegos-pirotecnicos-en-honor-al-cristo-negro-de-sitilpach-18883"},"modified":"2017-10-20T00:00:00","modified_gmt":"2017-10-20T06:00:00","slug":"lluvia-de-juegos-pirotecnicos-en-honor-al-cristo-negro-de-sitilpach-18883","status":"publish","type":"post","link":"https:\/\/dralvarez.com.mx\/larevista\/yucatan\/lluvia-de-juegos-pirotecnicos-en-honor-al-cristo-negro-de-sitilpach-18883","title":{"rendered":"Lluvia de juegos pirot\u00e9cnicos en honor al Cristo Negro de Sitilpach"},"content":{"rendered":"<\/p>\n<p>Izamal, Yucat\u00e1n; 19 de octubre de 2017 (ACOM).- En un ambiente de fervor y religiosidad se realiz\u00f3 el tradicional bronceo de la imagen del Santo Cristo Negro de Sitilpech que anoche lleg\u00f3 a la sede de la parroquia de San Antonio de Padua en medio de cientos de voladores y luces multicolores.<u><\/u><u><\/u><\/p>\n<p>Esto le  imprime un sello distintivo a este magno recibimiento que se realiza cada 18 de octubre de cada a\u00f1o, con el llamado bronceo que es la serie de juegos pirot\u00e9cnicos que se lanzan en su honor.<u><\/u><u><\/u><\/p>\n<p>La venerada imagen sali\u00f3 en procesi\u00f3n de la capilla de San Juan en Izamal despu\u00e9s de las cinco de la tarde a fin de dirigirse hacia el centro de esta ciudad donde se llevar\u00eda a cabo el tradicional bronceo y posteriormente la misa de recibimiento que celebro Fray Blas Alvarado y Fray Mario Gabriel Moo Chal\u00e9.<u><\/u><u><\/u><\/p>\n<p>La comitiva fue encabezada por la banda de guerra del CBTA No 165, seguido de la corte de mestizas ataviadas con el traje regional yucateco que llevaban en sus manos bellos arreglos florales como muestra de la devoci\u00f3n de sus feligreses.<u><\/u><u><\/u><\/p>\n<p>Cuando la imagen lleg\u00f3 frente al mercado municipal comenzaron a quemarse los primeros juegos pirot\u00e9cnicos que marcaron el momento m\u00e1s emotivo de esta bienvenida en el que el p\u00fablico disfrut\u00f3 de la iluminaci\u00f3n que le da a este acto de devoci\u00f3n.<u><\/u><u><\/u><\/p>\n<p>En su homil\u00eda, Fray Blas Alvarado se\u00f1al\u00f3 la importancia de \u201cllevar en el coraz\u00f3n la devoci\u00f3n a Jesucristo y que \u00e9sta no se limite solo a la tradici\u00f3n, ya que ambas cosas deben ir juntas para que cada d\u00eda seamos mejores en la pr\u00e1ctica de nuestra fe\u201d.<u><\/u><u><\/u><\/p>\n<p>\u201cManifestemos nuestra fe en el Santo Cristo con la respuesta que \u00e9l quiere de nosotros y esta es \u201cse\u00f1or hagas en mi tu voluntad\u201d, lo cual se traduce en la entrega por nuestra fe y de que estamos dispuestos a amar a nuestro pr\u00f3jimo\u201d, concluy\u00f3.<\/p><\/p>\n","protected":false},"excerpt":{"rendered":"<p>El convento de San Antonio de Padua se viste de fiesta.<\/p>\n","protected":false},"author":1018,"featured_media":0,"comment_status":"open","ping_status":"open","sticky":false,"template":"","format":"standard","meta":{"tdm_status":"","tdm_grid_status":"","footnotes":""},"categories":[21],"tags":[],"_links":{"self":[{"href":"https:\/\/dralvarez.com.mx\/larevista\/wp-json\/wp\/v2\/posts\/59268"}],"collection":[{"href":"https:\/\/dralvarez.com.mx\/larevista\/wp-json\/wp\/v2\/posts"}],"about":[{"href":"https:\/\/dralvarez.com.mx\/larevista\/wp-json\/wp\/v2\/types\/post"}],"author":[{"embeddable":true,"href":"https:\/\/dralvarez.com.mx\/larevista\/wp-json\/wp\/v2\/users\/1018"}],"replies":[{"embeddable":true,"href":"https:\/\/dralvarez.com.mx\/larevista\/wp-json\/wp\/v2\/comments?post=59268"}],"version-history":[{"count":0,"href":"https:\/\/dralvarez.com.mx\/larevista\/wp-json\/wp\/v2\/posts\/59268\/revisions"}],"wp:attachment":[{"href":"https:\/\/dralvarez.com.mx\/larevista\/wp-json\/wp\/v2\/media?parent=59268"}],"wp:term":[{"taxonomy":"category","embeddable":true,"href":"https:\/\/dralvarez.com.mx\/larevista\/wp-json\/wp\/v2\/categories?post=59268"},{"taxonomy":"post_tag","embeddable":true,"href":"https:\/\/dralvarez.com.mx\/larevista\/wp-json\/wp\/v2\/tags?post=59268"}],"curies":[{"name":"wp","href":"https:\/\/api.w.org\/{rel}","templated":true}]}}