{"id":59267,"date":"2017-10-20T00:00:00","date_gmt":"2017-10-20T06:00:00","guid":{"rendered":"https:\/\/dralvarez.com.mx\/larevista\/blog\/celebran-26-anos-de-la-fundacion-del-cendi-2-del-isstey-18882"},"modified":"2017-10-20T00:00:00","modified_gmt":"2017-10-20T06:00:00","slug":"celebran-26-anos-de-la-fundacion-del-cendi-2-del-isstey-18882","status":"publish","type":"post","link":"https:\/\/dralvarez.com.mx\/larevista\/yucatan\/celebran-26-anos-de-la-fundacion-del-cendi-2-del-isstey-18882","title":{"rendered":"Celebran 26 a\u00f1os de la fundaci\u00f3n del Cendi 2 del Isstey"},"content":{"rendered":"<p>M\u00e9rida, Yucat\u00e1n, 19 de octubre del 2017.- Con un renovado compromiso para seguir brindando servicios de calidad a los hijos de los derechohabientes, personal docente y administrativo del Centro de Desarrollo Infantil (Cendi) n\u00famero 2 \u201cConsuelo Zavala Castillo\u201d del Instituto de Seguridad Social de los Trabajadores del Estado de Yucat\u00e1n (Isstey) celebr\u00f3 con el tradicional corte de pastel, el aniversario 26 de la fundaci\u00f3n del plantel.<\/p>\n<p>La directora General de la instancia, Gabriela C\u00e1ceres Vergara, refrend\u00f3 el alto compromiso para con el desarrollo de los infantes, destacando la preparaci\u00f3n de los empleados para el cuidado de lo m\u00e1s valioso de la sociedad: los ni\u00f1os y las ni\u00f1as.<\/p>\n<p>Record\u00f3 que la labor que desarrollan los Cendi del Isstey es de primordial importancia, pues se sientan las bases del aprendizaje y la formaci\u00f3n de valores, as\u00ed como las actitudes que favorecen la capacidad de di\u00e1logo y tolerancia en las relaciones interpersonales.<\/p>\n<p>C\u00e1ceres Vergara hizo un reconocimiento al trabajo que efect\u00faan las \u00e1reas m\u00e9dicas, de psicolog\u00eda, pedagog\u00eda y de nutrici\u00f3n porque realizan de manera conjunta la labor de vigilar las condiciones de higiene y seguridad, que haya un ambiente psicosocial positivo y una id\u00f3nea nutrici\u00f3n, lo que redunda en la confianza de los padres de familia.<\/p>\n<p>La directora del plantel, Christyan Gamboa Maga\u00f1a, resalt\u00f3 las acciones que se han implementado en el plantel a lo largo de los \u00faltimos 26 a\u00f1os, particularmente las mejoras recientes en la cocina, los ba\u00f1os, el comedor y la apertura de un lactario, en beneficio de las trabajadoras y derechohabientes.<\/p>\n<p>Previamente, los infantes realizaron representaciones de diferentes pa\u00edses a prop\u00f3sito del D\u00eda de las Naciones Unidas, que se celebra el 24 de octubre.<\/p>\n<p>El Cendi 2 fue inaugurado el 19 de octubre de 1991, bajo la direcci\u00f3n del Sr. Jorge Omar Fajardo P\u00e9rez. Est\u00e1 ubicado en el Centro de M\u00e9rida, por el rumbo del Parque Zool\u00f3gico del Centenario y con su nombre, \u201cConsuelo Zavala Castillo\u201d, nos recuerda a una maestra y reconocida feminista, quien fuera presidenta de la junta directiva de la Comisi\u00f3n Organizadora del Primer Congreso Feminista en M\u00e9xico, que se llev\u00f3 a cabo en Yucat\u00e1n.<\/p>\n<p>Asistieron la titular del Organismo Auxiliar de Extensi\u00f3n Educativa y Servicios a la Primera Infancia, Mar\u00eda Jos\u00e9 Segovia Lugo, la jefa del Departamento de Centro de Extensi\u00f3n Educativa 2, Alicia Margarita Y\u00e1\u00f1ez G. Cant\u00f3n, as\u00ed como la supervisora de Pedagog\u00eda de los Cendi del Isstey, Sandra Villanueva Monta\u00f1ez.<\/p>\n","protected":false},"excerpt":{"rendered":"<p>Reconocimiento a los docentes que laboran en beneficio de los hijos de los derechohabientes.<\/p>\n","protected":false},"author":1018,"featured_media":0,"comment_status":"open","ping_status":"open","sticky":false,"template":"","format":"standard","meta":{"tdm_status":"","tdm_grid_status":"","footnotes":""},"categories":[21],"tags":[],"_links":{"self":[{"href":"https:\/\/dralvarez.com.mx\/larevista\/wp-json\/wp\/v2\/posts\/59267"}],"collection":[{"href":"https:\/\/dralvarez.com.mx\/larevista\/wp-json\/wp\/v2\/posts"}],"about":[{"href":"https:\/\/dralvarez.com.mx\/larevista\/wp-json\/wp\/v2\/types\/post"}],"author":[{"embeddable":true,"href":"https:\/\/dralvarez.com.mx\/larevista\/wp-json\/wp\/v2\/users\/1018"}],"replies":[{"embeddable":true,"href":"https:\/\/dralvarez.com.mx\/larevista\/wp-json\/wp\/v2\/comments?post=59267"}],"version-history":[{"count":0,"href":"https:\/\/dralvarez.com.mx\/larevista\/wp-json\/wp\/v2\/posts\/59267\/revisions"}],"wp:attachment":[{"href":"https:\/\/dralvarez.com.mx\/larevista\/wp-json\/wp\/v2\/media?parent=59267"}],"wp:term":[{"taxonomy":"category","embeddable":true,"href":"https:\/\/dralvarez.com.mx\/larevista\/wp-json\/wp\/v2\/categories?post=59267"},{"taxonomy":"post_tag","embeddable":true,"href":"https:\/\/dralvarez.com.mx\/larevista\/wp-json\/wp\/v2\/tags?post=59267"}],"curies":[{"name":"wp","href":"https:\/\/api.w.org\/{rel}","templated":true}]}}