{"id":59262,"date":"2017-10-19T00:00:00","date_gmt":"2017-10-19T06:00:00","guid":{"rendered":"https:\/\/dralvarez.com.mx\/larevista\/blog\/muna-con-un-enorme-potencial-18876"},"modified":"2017-10-19T00:00:00","modified_gmt":"2017-10-19T06:00:00","slug":"muna-con-un-enorme-potencial-18876","status":"publish","type":"post","link":"https:\/\/dralvarez.com.mx\/larevista\/yucatan\/muna-con-un-enorme-potencial-18876","title":{"rendered":"Muna, con un enorme potencial"},"content":{"rendered":"<\/p>\n<p>Muna, Yucat\u00e1n, a 19 de octubre de 2017. La riqueza arquitect\u00f3nica y sus fascinantes leyendas hacen de Uxmal una promesa de oportunidades para un mayor desarrollo en materia tur\u00edstica y con ello beneficiar a los habitantes de la zona.<\/p>\n<p>La idea anterior fue presentada en una reuni\u00f3n de Liborio Vidal Aguilar con habitantes de Muna, quienes la plantearon como un \u00e1rea de oportunidad que permita a las familias contar con m\u00e1s fuentes de ingreso.<\/p>\n<p>La cercan\u00eda con Uxmal no es la \u00fanica ventaja de Muna, pues sus m\u00e1s de 15 mil habitantes han desarrollado diversas actividades en materia de agricultura, apicultura y ganader\u00eda, con gran potencial para tener una producci\u00f3n importante a nivel estatal.<\/p>\n<p>Fue una reuni\u00f3n en la que rein\u00f3 el color, las mujeres llegaron vestidas con hermosos hipiles bordados a mano o a m\u00e1quina, matizados o de una sola gama, con sus rebozos y aretes de filigrana o esmaltados, algunas de las se\u00f1oras pertenecen a la agrupaci\u00f3n \u201cPaz y uni\u00f3n\u201d, que siempre presenta una muestra del orgullo que sienten por las ra\u00edces y tradiciones yucatecas.<\/p>\n<p>Liborio Vidal se acerc\u00f3 a ellas para conoce m\u00e1s sobre su labor de difundir el sentido de ser yucateco, y se encontr\u00f3 con mujeres amables que le ofrecieron un consejo: que siga trabajando por Yucat\u00e1n.<\/p>\n<p>\u201cMe siento muy contento de estar aqu\u00ed en Muna, de saludarlos y sentir en ese apret\u00f3n de manos la energ\u00eda que mueve a Yucat\u00e1n, la fuerza que nos hace un estado hermoso, un estado donde impera la paz y que est\u00e1 en busca de que el bienestar sea equitativo entre las ciudades y las zonas rurales\u201d, manifest\u00f3 el #AmigoLibo.<\/p>\n<p>Agreg\u00f3 que el gobernador Rolando Zapata Bello ha sentado las bases que permitir\u00e1n que haya un crecimiento en todo el Estado y en diversos sectores, entre los que destaca la reindustrializaci\u00f3n y la inversi\u00f3n en la tecnificaci\u00f3n del campo.<\/p>\n<p>\u201cEs nuestro deber continuar con la mira puesta en reducir la brecha que divide a la zona urbana de nuestras comunidades, que todos nuestros ni\u00f1os tengan oportunidades similares para hacer sus sue\u00f1os realidad y que todos los yucatecos vivamos en el Yucat\u00e1n que queremos\u201d, expres\u00f3.<\/p><\/p>\n","protected":false},"excerpt":{"rendered":"<p>Destaca Liborio Vidal ventajas estrat\u00e9gicas del municipio.<\/p>\n","protected":false},"author":1018,"featured_media":0,"comment_status":"open","ping_status":"open","sticky":false,"template":"","format":"standard","meta":{"tdm_status":"","tdm_grid_status":"","footnotes":""},"categories":[21],"tags":[],"_links":{"self":[{"href":"https:\/\/dralvarez.com.mx\/larevista\/wp-json\/wp\/v2\/posts\/59262"}],"collection":[{"href":"https:\/\/dralvarez.com.mx\/larevista\/wp-json\/wp\/v2\/posts"}],"about":[{"href":"https:\/\/dralvarez.com.mx\/larevista\/wp-json\/wp\/v2\/types\/post"}],"author":[{"embeddable":true,"href":"https:\/\/dralvarez.com.mx\/larevista\/wp-json\/wp\/v2\/users\/1018"}],"replies":[{"embeddable":true,"href":"https:\/\/dralvarez.com.mx\/larevista\/wp-json\/wp\/v2\/comments?post=59262"}],"version-history":[{"count":0,"href":"https:\/\/dralvarez.com.mx\/larevista\/wp-json\/wp\/v2\/posts\/59262\/revisions"}],"wp:attachment":[{"href":"https:\/\/dralvarez.com.mx\/larevista\/wp-json\/wp\/v2\/media?parent=59262"}],"wp:term":[{"taxonomy":"category","embeddable":true,"href":"https:\/\/dralvarez.com.mx\/larevista\/wp-json\/wp\/v2\/categories?post=59262"},{"taxonomy":"post_tag","embeddable":true,"href":"https:\/\/dralvarez.com.mx\/larevista\/wp-json\/wp\/v2\/tags?post=59262"}],"curies":[{"name":"wp","href":"https:\/\/api.w.org\/{rel}","templated":true}]}}