{"id":59261,"date":"2017-10-19T00:00:00","date_gmt":"2017-10-19T06:00:00","guid":{"rendered":"https:\/\/dralvarez.com.mx\/larevista\/blog\/tizimin-aumentara-sus-estrategias-de-seguridad-18875"},"modified":"2017-10-19T00:00:00","modified_gmt":"2017-10-19T06:00:00","slug":"tizimin-aumentara-sus-estrategias-de-seguridad-18875","status":"publish","type":"post","link":"https:\/\/dralvarez.com.mx\/larevista\/yucatan\/tizimin-aumentara-sus-estrategias-de-seguridad-18875","title":{"rendered":"Tizim\u00edn aumentar\u00e1 sus estrategias de seguridad"},"content":{"rendered":"<\/p>\n<p>Tizim\u00edn, Yucat\u00e1n, 19 de octubre de 2017.- Elaborar estrategias para reforzar la seguridad en Tizim\u00edn, vincular los comit\u00e9s de Polic\u00eda Vecinal a Escudo Yucat\u00e1n y generar un canal de comunicaci\u00f3n entre autoridades y sociedad fueron parte de los acuerdos tomados en la sesi\u00f3n extraordinaria que celebraron el Grupo de Coordinaci\u00f3n Local y el Consejo de Seguridad P\u00fablica de este municipio.<\/p>\n<p>El titular de la Secretar\u00eda General de Gobierno (SGG), Roberto Rodr\u00edguez Asaf, encabez\u00f3 estos trabajos, en los que tambi\u00e9n se plane\u00f3 realizar una campa\u00f1a de difusi\u00f3n de los n\u00fameros 9-1-1 y 089, que son de emergencia y de denuncia an\u00f3nima, respectivamente, adem\u00e1s de que el referido Consejo se convoque una vez al mes o cuando la situaci\u00f3n lo amerite.<\/p>\n<p>Se est\u00e1n celebrando reuniones con los Consejos Municipales de Seguridad P\u00fablica para que puedan tener informaci\u00f3n clara de lo que se est\u00e1 haciendo a favor de la paz y armon\u00eda en la entidad, apunt\u00f3 el funcionario, acompa\u00f1ado del secretario de Seguridad P\u00fablica, comandante Luis Felipe Said\u00e9n Ojeda.<\/p>\n<p>\u201cDesde que se lanz\u00f3 la estrategia Escudo Yucat\u00e1n se invit\u00f3 a la sociedad a que juntos conformemos un solo ente para que trabajemos en la prevenci\u00f3n del delito, en la profesionalizaci\u00f3n de los cuerpos de seguridad y procuraci\u00f3n de justicia, as\u00ed como en su equipamiento, capacitaci\u00f3n y mejora salarial\u201d, a\u00f1adi\u00f3 en el auditorio del Instituto Tecnol\u00f3gico de Tizim\u00edn.<\/p>\n<p>En este sentido, Rodr\u00edguez Asaf reconoci\u00f3 la existencia de 60 comit\u00e9s de Polic\u00eda Vecinal en el municipio y pidi\u00f3 continuar con el impulso de este proyecto en la poblaci\u00f3n para cuidar el tejido social, adem\u00e1s de integrar en esto a las personas que vienen de otras entidades a invertir y trabajar gracias al ambiente de paz que se vive en el territorio. &nbsp;<\/p>\n<p>En su turno, Said\u00e9n Ojeda coment\u00f3 que a trav\u00e9s de Escudo Yucat\u00e1n se instalar\u00e1n arcos lectores de placas y c\u00e1maras de videovigilancia en las carreteras que conectan a Tizim\u00edn con otras demarcaciones, para tener un mayor control de los veh\u00edculos que circulan en esta zona del oriente.<\/p>\n<p>Durante la reuni\u00f3n, se present\u00f3 a detalle el servicio del n\u00famero de denuncia an\u00f3nima 089, al cual se puede marcar para reportar hechos de extorsi\u00f3n u otros delitos sin la necesidad que se tenga que compartir datos personales. La llamada de inmediato se canaliza a las fuerzas de seguridad para una pronta respuesta. <\/p>\n<p>Ante el fiscal General del Estado, Ariel Aldecua Kuk, el alcalde anfitri\u00f3n, Jos\u00e9 Vales Traconis, coment\u00f3 que en comparaci\u00f3n con el 2016, en este a\u00f1o han disminuido los hechos delictivos, las faltas a la autoridad y las detenciones por consumo de sustancias il\u00edcitas o bebidas embriagantes en Tizim\u00edn. A esto se suman los resultados positivos del operativo alcohol\u00edmetro, capacitaci\u00f3n de polic\u00edas y pl\u00e1ticas de prevenci\u00f3n del delito en secundarias.&nbsp; &nbsp;<\/p><\/p>\n","protected":false},"excerpt":{"rendered":"<p>El municipio se suma a las acciones de Escudo Yucat\u00e1n.<\/p>\n","protected":false},"author":1018,"featured_media":0,"comment_status":"open","ping_status":"open","sticky":false,"template":"","format":"standard","meta":{"tdm_status":"","tdm_grid_status":"","footnotes":""},"categories":[21],"tags":[],"_links":{"self":[{"href":"https:\/\/dralvarez.com.mx\/larevista\/wp-json\/wp\/v2\/posts\/59261"}],"collection":[{"href":"https:\/\/dralvarez.com.mx\/larevista\/wp-json\/wp\/v2\/posts"}],"about":[{"href":"https:\/\/dralvarez.com.mx\/larevista\/wp-json\/wp\/v2\/types\/post"}],"author":[{"embeddable":true,"href":"https:\/\/dralvarez.com.mx\/larevista\/wp-json\/wp\/v2\/users\/1018"}],"replies":[{"embeddable":true,"href":"https:\/\/dralvarez.com.mx\/larevista\/wp-json\/wp\/v2\/comments?post=59261"}],"version-history":[{"count":0,"href":"https:\/\/dralvarez.com.mx\/larevista\/wp-json\/wp\/v2\/posts\/59261\/revisions"}],"wp:attachment":[{"href":"https:\/\/dralvarez.com.mx\/larevista\/wp-json\/wp\/v2\/media?parent=59261"}],"wp:term":[{"taxonomy":"category","embeddable":true,"href":"https:\/\/dralvarez.com.mx\/larevista\/wp-json\/wp\/v2\/categories?post=59261"},{"taxonomy":"post_tag","embeddable":true,"href":"https:\/\/dralvarez.com.mx\/larevista\/wp-json\/wp\/v2\/tags?post=59261"}],"curies":[{"name":"wp","href":"https:\/\/api.w.org\/{rel}","templated":true}]}}