{"id":59256,"date":"2017-10-19T00:00:00","date_gmt":"2017-10-19T06:00:00","guid":{"rendered":"https:\/\/dralvarez.com.mx\/larevista\/blog\/se-registra-mayor-participacion-juvenil-en-yucatan-18870"},"modified":"2017-10-19T00:00:00","modified_gmt":"2017-10-19T06:00:00","slug":"se-registra-mayor-participacion-juvenil-en-yucatan-18870","status":"publish","type":"post","link":"https:\/\/dralvarez.com.mx\/larevista\/yucatan\/se-registra-mayor-participacion-juvenil-en-yucatan-18870","title":{"rendered":"Se registra mayor participaci\u00f3n juvenil en Yucat\u00e1n"},"content":{"rendered":"<\/p>\n<p>M\u00e9rida,<br \/>\nYucat\u00e1n, 19 de octubre de 2017.- Los j\u00f3venes activos en los asuntos de la<br \/>\ncomunidad, la toma de decisiones y el acceso a las estructuras formales son m\u00e1s<br \/>\nen la entidad que los registrados a nivel nacional, seg\u00fan sostienen los<br \/>\nresultados del \u00cdndice de Participaci\u00f3n Juvenil en Yucat\u00e1n.<\/p>\n<p>A iniciativa<br \/>\nde la Secretaria de la Juventud (Sejuve), esta investigaci\u00f3n se desarroll\u00f3<br \/>\ndurante el 2016 en colaboraci\u00f3n con Ollin J\u00f3venes en Movimiento A.C.,<br \/>\nexplicaron el titular de la dependencia y la presidenta del organismo, Luis<br \/>\nEnrique Borjas Romero y Greta R\u00edos T\u00e9llez Sill, respectivamente.<\/p>\n<p>Con este<br \/>\nreporte, el estado se convierte en el segundo de la Rep\u00fablica en contar con<br \/>\nestas cifras, que miden el grado de involucramiento de este sector poblacional<br \/>\nen espacios de incidencia y temas clave de la agenda local y nacional.<\/p>\n<p>\u201cDamos a<br \/>\nconocer la situaci\u00f3n actual de la participaci\u00f3n de los j\u00f3venes, incluyendo a<br \/>\nlos partidos pol\u00edticos y en este \u00e1mbito sigue siendo baja, pues dos de cada 10<br \/>\npersonas en estas organizaciones son j\u00f3venes. Por eso es importante que se<br \/>\nofrezcan plataformas m\u00e1s atractivas e incluyentes\u201d, apunt\u00f3 Borjas Romero<\/p>\n<p>Entre los<br \/>\nindicadores, que se encuentran ya a disposici\u00f3n en el sitio <a target=\"_blank\" rel=\"nofollow noopener\" href=\"http:\/\/www.sejuve.gob.mx\">www.sejuve.gob.mx<\/a>, destaca que su<br \/>\nparticipaci\u00f3n global en Yucat\u00e1n es mayor que la que se ha cuantificado en el<br \/>\npa\u00eds en los rubros antes descritos.<\/p>\n<p>Se cit\u00f3 como<br \/>\nejemplo que ocho de cada 10 individuos que intervienen en un colectivo en el<br \/>\nterritorio son menores de 30 a\u00f1os, adem\u00e1s de \u00e9stos que reciben un monto<br \/>\nmonetario por sus acciones en dichas agrupaciones, lo que es reflejo de una<br \/>\nmejor estructura y de que ellos est\u00e1n tomando lugar en esos espacios.<\/p>\n<p>Tambi\u00e9n se<br \/>\nmencion\u00f3 que aqu\u00ed ese sector poblacional tiene un mayor acceso a las<br \/>\nestructuras formales o dependencias de Gobierno. \u201cSomos una generaci\u00f3n que s\u00ed<br \/>\nest\u00e1 participando, se est\u00e1 organizando, que se mueve por las causas sociales y<br \/>\nque incluso puede trabajar por esas causas sin recibir remuneraci\u00f3n econ\u00f3mica\u201d,<br \/>\nexpres\u00f3 Borjas Romero.<\/p>\n<p>En su turno,<br \/>\nT\u00e9llez Sill subray\u00f3 que la labor de la Sejuve es de vital importancia para<br \/>\ngarantizar que los yucatecos de entre 14 y 29 a\u00f1os tengan acceso a<br \/>\noportunidades que les permitan ser agentes activos de cambio en la esfera<br \/>\nsocial. Agreg\u00f3 que debe ser \u201ctal y como sucedi\u00f3 con el taller \u2018Joven A.C.\u2019 que<br \/>\nrecientemente se imparti\u00f3\u201d.<\/p>\n<p>Ollin<br \/>\nJ\u00f3venes en Movimiento A.C. es un organismo con experiencia de seis a\u00f1os en<br \/>\ninvestigaciones sobre participaci\u00f3n juvenil en M\u00e9xico, que a\u00f1o con a\u00f1o<br \/>\ndesarrolla el estudio a nivel nacional.<\/p><\/p>\n","protected":false},"excerpt":{"rendered":"<p>A iniciativa de la Sejuve, se presentan indicadores en la materia.<\/p>\n","protected":false},"author":1018,"featured_media":0,"comment_status":"open","ping_status":"open","sticky":false,"template":"","format":"standard","meta":{"tdm_status":"","tdm_grid_status":"","footnotes":""},"categories":[21],"tags":[],"_links":{"self":[{"href":"https:\/\/dralvarez.com.mx\/larevista\/wp-json\/wp\/v2\/posts\/59256"}],"collection":[{"href":"https:\/\/dralvarez.com.mx\/larevista\/wp-json\/wp\/v2\/posts"}],"about":[{"href":"https:\/\/dralvarez.com.mx\/larevista\/wp-json\/wp\/v2\/types\/post"}],"author":[{"embeddable":true,"href":"https:\/\/dralvarez.com.mx\/larevista\/wp-json\/wp\/v2\/users\/1018"}],"replies":[{"embeddable":true,"href":"https:\/\/dralvarez.com.mx\/larevista\/wp-json\/wp\/v2\/comments?post=59256"}],"version-history":[{"count":0,"href":"https:\/\/dralvarez.com.mx\/larevista\/wp-json\/wp\/v2\/posts\/59256\/revisions"}],"wp:attachment":[{"href":"https:\/\/dralvarez.com.mx\/larevista\/wp-json\/wp\/v2\/media?parent=59256"}],"wp:term":[{"taxonomy":"category","embeddable":true,"href":"https:\/\/dralvarez.com.mx\/larevista\/wp-json\/wp\/v2\/categories?post=59256"},{"taxonomy":"post_tag","embeddable":true,"href":"https:\/\/dralvarez.com.mx\/larevista\/wp-json\/wp\/v2\/tags?post=59256"}],"curies":[{"name":"wp","href":"https:\/\/api.w.org\/{rel}","templated":true}]}}