{"id":59254,"date":"2017-10-19T00:00:00","date_gmt":"2017-10-19T06:00:00","guid":{"rendered":"https:\/\/dralvarez.com.mx\/larevista\/blog\/se-conmemora-el-dia-internacional-de-la-lucha-contra-el-cancer-de-mama-18868"},"modified":"2017-10-19T00:00:00","modified_gmt":"2017-10-19T06:00:00","slug":"se-conmemora-el-dia-internacional-de-la-lucha-contra-el-cancer-de-mama-18868","status":"publish","type":"post","link":"https:\/\/dralvarez.com.mx\/larevista\/yucatan\/se-conmemora-el-dia-internacional-de-la-lucha-contra-el-cancer-de-mama-18868","title":{"rendered":"Se conmemora el D\u00eda Internacional de la Lucha contra el C\u00e1ncer de Mama"},"content":{"rendered":"<\/p>\n<p>M\u00e9rida,<br \/>\nYucat\u00e1n, 19 de octubre de 2017.-  \u2018\u2019Con este tipo de acciones hacemos una<br \/>\nlucha frontal contra el c\u00e1ncer de mama. En el 2013 s\u00f3lo se realizaron estudios<br \/>\na 600 personas, en este 2017 ya acudieron al Centro de Salud Urbano de M\u00e9rida<br \/>\nm\u00e1s de cuatro mil 500 y pretendemos superar los seis mil, siendo que a lo largo<br \/>\nde este per\u00edodo de cinco a\u00f1os, de manera gratuita se han efectuado la prueba<br \/>\ncerca de 18 mil usuarias\u201d, resalt\u00f3 el director de dicho nosocomio, Jorge Mar\u00edn<br \/>\nMarrufo.<\/p>\n<p>En<br \/>\nel marco del D\u00eda Internacional de la Lucha contra el C\u00e1ncer de Mam\u00e1, la<br \/>\nPresidenta y el director General del Sistema para el Desarrollo Integral de la<br \/>\nFamilia (DIF) Yucat\u00e1n, Sarita Blancarte de Zapata y Jos\u00e9 Limber Sosa Lara,<br \/>\nrespectivamente, encabezaron la caminata para conmemorar la referida efem\u00e9ride,<br \/>\njunto con seis mil mujeres que con globos rosas, pancartas y mantas se<br \/>\ndesplazaron armoniosamente por las calles aleda\u00f1as al parque de La Mejorada.<\/p>\n<p>En<br \/>\nrepresentaci\u00f3n del titular de la Secretar\u00eda de Salud (SSY), Jorge Eduardo<br \/>\nMendoza M\u00e9zquita, el jefe del Departamento de Equidad de G\u00e9nero y Salud<br \/>\nReproductiva, Miguel Rodr\u00edguez Rivero, convoc\u00f3 a la sociedad a promover y<br \/>\ndifundir las acciones para la detecci\u00f3n oportuna del padecimiento, as\u00ed como a<br \/>\nfomentar estilos de vida saludables.<\/p>\n<p>\u2018\u2019Lo<br \/>\nque hace el Gobierno del Estado a trav\u00e9s de los Servicios de Salud de Yucat\u00e1n<br \/>\nes impulsar las medidas de prevenci\u00f3n que todos conocemos: la primera es la<br \/>\nautoexploraci\u00f3n a partir de los 20 a\u00f1os, la segunda es la exploraci\u00f3n cl\u00ednica a<br \/>\ntodas las mujeres de 25 a 30 a\u00f1os y la tercera es la mastograf\u00eda de mujeres de<br \/>\n40 a 69 a\u00f1os\u201d, detall\u00f3.<\/p>\n<p>En<br \/>\nla quinta edici\u00f3n de la actividad, se inform\u00f3 que el c\u00e1ncer en ellas es un<br \/>\nproblema de salud p\u00fablica y que el de mama y el cervicouterino son la primera y<br \/>\nsegunda causa de defunciones entre este sector de 25 a\u00f1os y m\u00e1s en M\u00e9xico. Con<br \/>\nuna tasa de mortalidad de 13.2 por ciento, Yucat\u00e1n se ubica en el sitio 26 en<br \/>\ncuanto al de mama se refiere, cifra que est\u00e1 por debajo de la media nacional,<br \/>\nque es de 18 por ciento.<\/p>\n<p>Asistieron<br \/>\nal acto los directores del Instituto para el Desarrollo de la Cultura Maya<br \/>\n(Indemaya), Rosario Cetina Amaya, y de la Beneficencia P\u00fablica del Estado,<br \/>\nMiguel \u00c1ngel Cabrera Palma, as\u00ed como el secretario General del Sindicato de<br \/>\nTrabajadores al Servicio del Poder Ejecutivo e Instituciones Descentralizadas<br \/>\n(STSPEIDY), Jervis Garc\u00eda V\u00e1zquez, y la jefa de la Jurisdicci\u00f3n Sanitaria<br \/>\nn\u00famero 1, Mar\u00eda Esther Rangel Ram\u00edrez.<\/p><\/p>\n","protected":false},"excerpt":{"rendered":"<p>Del 2013 a 2017, se han hecho gratuitamente en el Centro de Salud Urbano de M\u00e9rida casi 18 mil estudios.<\/p>\n","protected":false},"author":1018,"featured_media":0,"comment_status":"open","ping_status":"open","sticky":false,"template":"","format":"standard","meta":{"tdm_status":"","tdm_grid_status":"","footnotes":""},"categories":[21],"tags":[],"_links":{"self":[{"href":"https:\/\/dralvarez.com.mx\/larevista\/wp-json\/wp\/v2\/posts\/59254"}],"collection":[{"href":"https:\/\/dralvarez.com.mx\/larevista\/wp-json\/wp\/v2\/posts"}],"about":[{"href":"https:\/\/dralvarez.com.mx\/larevista\/wp-json\/wp\/v2\/types\/post"}],"author":[{"embeddable":true,"href":"https:\/\/dralvarez.com.mx\/larevista\/wp-json\/wp\/v2\/users\/1018"}],"replies":[{"embeddable":true,"href":"https:\/\/dralvarez.com.mx\/larevista\/wp-json\/wp\/v2\/comments?post=59254"}],"version-history":[{"count":0,"href":"https:\/\/dralvarez.com.mx\/larevista\/wp-json\/wp\/v2\/posts\/59254\/revisions"}],"wp:attachment":[{"href":"https:\/\/dralvarez.com.mx\/larevista\/wp-json\/wp\/v2\/media?parent=59254"}],"wp:term":[{"taxonomy":"category","embeddable":true,"href":"https:\/\/dralvarez.com.mx\/larevista\/wp-json\/wp\/v2\/categories?post=59254"},{"taxonomy":"post_tag","embeddable":true,"href":"https:\/\/dralvarez.com.mx\/larevista\/wp-json\/wp\/v2\/tags?post=59254"}],"curies":[{"name":"wp","href":"https:\/\/api.w.org\/{rel}","templated":true}]}}