{"id":59230,"date":"2017-10-19T00:00:00","date_gmt":"2017-10-19T06:00:00","guid":{"rendered":"https:\/\/dralvarez.com.mx\/larevista\/blog\/exponen-ante-economistas-resultados-de-la-politica-social-18844"},"modified":"2017-10-19T00:00:00","modified_gmt":"2017-10-19T06:00:00","slug":"exponen-ante-economistas-resultados-de-la-politica-social-18844","status":"publish","type":"post","link":"https:\/\/dralvarez.com.mx\/larevista\/yucatan\/exponen-ante-economistas-resultados-de-la-politica-social-18844","title":{"rendered":"Exponen ante economistas resultados de la pol\u00edtica social"},"content":{"rendered":"<\/p>\n<p>Producto de<br \/>\nla unidad y el trabajo en equipo, Yucat\u00e1n est\u00e1 avanzando de manera sostenida en<br \/>\nmateria econ\u00f3mica lo que permea directamente en la reducci\u00f3n de los \u00edndices de<br \/>\npobreza, destac\u00f3 el titular de la Secretar\u00eda de Desarrollo Social (Sedesol),<br \/>\nMauricio Sahu\u00ed Rivero.<\/p>\n<p>Ante<br \/>\nestudiantes de la Facultad de Econom\u00eda de la Universidad Aut\u00f3noma de Yucat\u00e1n<br \/>\n(Uady), el funcionario estatal present\u00f3 los avances en la pol\u00edtica social del<br \/>\nestado.<\/p>\n<p>Indic\u00f3 que<br \/>\nde acuerdo a los resultados del Consejo Nacional de Evaluaci\u00f3n de la Pol\u00edtica<br \/>\nde Desarrollo Social (Coneval) existe una tendencia a la baja en la disminuci\u00f3n<br \/>\nde la pobreza y una mejora en los ingresos de las familias.<\/p>\n<p>Expuso que<br \/>\nde este an\u00e1lisis Yucat\u00e1n se ubica como la tercera entidad a nivel nacional con<br \/>\nmejor desempe\u00f1o pobreza extrema al reducirla en 4.6 puntos porcentuales. <\/p>\n<p>Explic\u00f3 que<br \/>\ndurante 2016 se realizaron m\u00e1s de 69 mil acciones de vivienda, en un acto<br \/>\nhist\u00f3rico a trav\u00e9s de la estrategia \u201cMejorar\u201d que afianzaron dichos resultados.<\/p>\n<p>Adem\u00e1s<br \/>\nrecalc\u00f3 que la econom\u00eda est\u00e1 creciendo muy por encima de la media nacional lo<br \/>\nque genera que haya m\u00e1s empleos, productividad y de manera paralela es como<br \/>\nsurge el desarrollo de la entidad.<\/p>\n<p>\u201cSi<br \/>\ncontinuamos la tendencia d\u00f3nde consideramos el sostenimiento econ\u00f3mico y la<br \/>\natenci\u00f3n de carencias con estrategias focalizadas podremos seguir por esta ruta<br \/>\npara abatir los niveles de pobreza y pobreza extrema que es lo que m\u00e1s lastima<br \/>\na la sociedad\u201d, subray\u00f3.<\/p>\n<p>En el marco<br \/>\nde este foro abierto y de di\u00e1logo, uno de los estudiantes pregunt\u00f3 &nbsp;\u2013 c\u00f3mo<br \/>\nes posible disminuir las carencias sociales en tan poco tiempo con la<br \/>\ngeneraci\u00f3n de acciones que requieren de una fuerte inversi\u00f3n-<\/p>\n<p>Sahu\u00ed Rivero<br \/>\nrespondi\u00f3 que es producto de las finanzas sanas que prevalecen en el estado que<br \/>\nse potenciaron los recursos y se accedi\u00f3 a recursos federales que permitieron<br \/>\nfirmar un gran acuerdo de voluntades, sin distinci\u00f3n de ideolog\u00edas pol\u00edticas y<br \/>\nse emprendi\u00f3 Mejorar para combatir las principales carencias sociales en los<br \/>\n106 municipios.<\/p>\n<p>\u201cCon el<br \/>\ntrabajo coordinado de los tres \u00f3rdenes de gobierno pudimos avanzar y hoy hay<br \/>\nmunicipios como Chapab que ya pueden hacer bandera blanca en tema de ba\u00f1os lo que<br \/>\nsignifica una posibilidad muy seria para la generaci\u00f3n del desarrollo de la<br \/>\ncomunidad\u201d, puntualiz\u00f3.<\/p>\n<p>Al concluir<br \/>\nla ponencia el director de la Facultad de Econom\u00eda de la Uady, Luis Alberto<br \/>\nAraujo Andrade entreg\u00f3 un reconocimiento al titular de la Sedesol por su<br \/>\nparticipaci\u00f3n en estos foros que contribuyen a fortalecer el conocimiento de<br \/>\nlos alumnos.<\/p><\/p>\n","protected":false},"excerpt":{"rendered":"<p>El impacto positivo de la estrategia Mejorar.<\/p>\n","protected":false},"author":1018,"featured_media":0,"comment_status":"open","ping_status":"open","sticky":false,"template":"","format":"standard","meta":{"tdm_status":"","tdm_grid_status":"","footnotes":""},"categories":[21],"tags":[],"_links":{"self":[{"href":"https:\/\/dralvarez.com.mx\/larevista\/wp-json\/wp\/v2\/posts\/59230"}],"collection":[{"href":"https:\/\/dralvarez.com.mx\/larevista\/wp-json\/wp\/v2\/posts"}],"about":[{"href":"https:\/\/dralvarez.com.mx\/larevista\/wp-json\/wp\/v2\/types\/post"}],"author":[{"embeddable":true,"href":"https:\/\/dralvarez.com.mx\/larevista\/wp-json\/wp\/v2\/users\/1018"}],"replies":[{"embeddable":true,"href":"https:\/\/dralvarez.com.mx\/larevista\/wp-json\/wp\/v2\/comments?post=59230"}],"version-history":[{"count":0,"href":"https:\/\/dralvarez.com.mx\/larevista\/wp-json\/wp\/v2\/posts\/59230\/revisions"}],"wp:attachment":[{"href":"https:\/\/dralvarez.com.mx\/larevista\/wp-json\/wp\/v2\/media?parent=59230"}],"wp:term":[{"taxonomy":"category","embeddable":true,"href":"https:\/\/dralvarez.com.mx\/larevista\/wp-json\/wp\/v2\/categories?post=59230"},{"taxonomy":"post_tag","embeddable":true,"href":"https:\/\/dralvarez.com.mx\/larevista\/wp-json\/wp\/v2\/tags?post=59230"}],"curies":[{"name":"wp","href":"https:\/\/api.w.org\/{rel}","templated":true}]}}