{"id":59224,"date":"2017-10-19T00:00:00","date_gmt":"2017-10-19T06:00:00","guid":{"rendered":"https:\/\/dralvarez.com.mx\/larevista\/blog\/capacitan-al-personal-militar-en-materia-de-derechos-humanos-18838"},"modified":"2017-10-19T00:00:00","modified_gmt":"2017-10-19T06:00:00","slug":"capacitan-al-personal-militar-en-materia-de-derechos-humanos-18838","status":"publish","type":"post","link":"https:\/\/dralvarez.com.mx\/larevista\/yucatan\/capacitan-al-personal-militar-en-materia-de-derechos-humanos-18838","title":{"rendered":"Capacitan al Personal Militar en  Materia de Derechos Humanos"},"content":{"rendered":"<p>La Secretar\u00eda de la Defensa Nacional (SEDENA) a trav\u00e9s de la Comandancia de la 32\/a. Zona Militar, da a conocer a la opini\u00f3n p\u00fablica, que esta fecha dio inicio el Ciclo de Conferencias denominado \u201cCurso de capacitaci\u00f3n en apoyo al programa de promoci\u00f3n y fortalecimiento de los derechos humanos y derecho internacional humanitario S.D.N. 2015-2018\u201d, el cual ser\u00e1 impartido del 17 al 25 de octubre del 2017, en las instalaciones de la X Regi\u00f3n Militar.<\/p>\n<p>Citado Ciclo de Conferencias, est\u00e1 dirigido al personal militar de diferentes jerarqu\u00edas, pertenecientes a la Base A\u00e9rea Militar No. 8, 11\/o. Batall\u00f3n de Infanter\u00eda, 7\/o. Batall\u00f3n de Ingenieros de Combate y 20\/o. Regimiento de Caballer\u00eda Motorizado, y ser\u00e1 impartido por parte de personal especialista, perteneciente a la Comisi\u00f3n de Derechos Humanos del Estado de Yucat\u00e1n.<\/p>\n<p>Es preciso mencionar que el principal objetivo de estas conferencias es capacitar, adiestrar y profesionalizar al personal militar en materia de Derechos Humanos y Derecho Internacional Humanitario, actividades que se han venido desarrollando a nivel nacional a trav\u00e9s de diferentes m\u00e9todos como son: cursos presenciales y en l\u00ednea, talleres, conferencias y video-conferencias, con el fin de proporcionar herramientas al personal militar que realiza actividades propias de las operaciones militares y en coadyuvancia con las autoridades civiles de Seguridad P\u00fablica.<\/p>\n<p>Dichas actividades se encuentran alineadas a los Cinco Ejes Rectores del Gobierno Federal: \u201cM\u00e9xico en Paz\u201d, \u201cM\u00e9xico Incluyente\u201d, \u201cM\u00e9xico con Educaci\u00f3n de Calidad\u201d, \u201cM\u00e9xico Prospero\u201d, \u201cM\u00e9xico con Responsabilidad Global\u201d, as\u00ed como a las L\u00edneas Generales del Programa Sectorial de la Secretar\u00eda de la Defensa Nacional: \u201cMoral y Disciplina\u201d, \u201cEducaci\u00f3n y Adiestramiento\u201d, \u201cTransparencia y Rendici\u00f3n de Cuentas\u201d, \u201cDerechos Humanos y Respeto a la Ley\u201d e \u201cImagen Institucional\u201d.<\/p>\n<p>Cabe destacar que la SEDENA reconoce el invaluable compromiso de la Comisi\u00f3n de Derechos Humanos del Estado de Yucat\u00e1n, para que este tipo de actividades se lleven a cabo de manera conjunta, promoviendo entre el Personal Militar la atenci\u00f3n, respeto, promoci\u00f3n, capacitaci\u00f3n y formaci\u00f3n en materia de Derechos Humanos.<\/p>\n<p>Con estas acciones el Ej\u00e9rcito y Fuerza A\u00e9rea Mexicanos, ratifican su compromiso con la Sociedad de realizar acciones a fin de que los elementos castrenses desempe\u00f1en sus funciones con integridad, orden y respeto irrestricto a la dignidad de las personas.<\/p>\n","protected":false},"excerpt":{"rendered":"<p>El principal objetivo de estas conferencias es capacitar, adiestrar y profesionalizar al personal militar en materia de Derechos Humanos y Derecho Int<\/p>\n","protected":false},"author":1018,"featured_media":0,"comment_status":"open","ping_status":"open","sticky":false,"template":"","format":"standard","meta":{"tdm_status":"","tdm_grid_status":"","footnotes":""},"categories":[21],"tags":[],"_links":{"self":[{"href":"https:\/\/dralvarez.com.mx\/larevista\/wp-json\/wp\/v2\/posts\/59224"}],"collection":[{"href":"https:\/\/dralvarez.com.mx\/larevista\/wp-json\/wp\/v2\/posts"}],"about":[{"href":"https:\/\/dralvarez.com.mx\/larevista\/wp-json\/wp\/v2\/types\/post"}],"author":[{"embeddable":true,"href":"https:\/\/dralvarez.com.mx\/larevista\/wp-json\/wp\/v2\/users\/1018"}],"replies":[{"embeddable":true,"href":"https:\/\/dralvarez.com.mx\/larevista\/wp-json\/wp\/v2\/comments?post=59224"}],"version-history":[{"count":0,"href":"https:\/\/dralvarez.com.mx\/larevista\/wp-json\/wp\/v2\/posts\/59224\/revisions"}],"wp:attachment":[{"href":"https:\/\/dralvarez.com.mx\/larevista\/wp-json\/wp\/v2\/media?parent=59224"}],"wp:term":[{"taxonomy":"category","embeddable":true,"href":"https:\/\/dralvarez.com.mx\/larevista\/wp-json\/wp\/v2\/categories?post=59224"},{"taxonomy":"post_tag","embeddable":true,"href":"https:\/\/dralvarez.com.mx\/larevista\/wp-json\/wp\/v2\/tags?post=59224"}],"curies":[{"name":"wp","href":"https:\/\/api.w.org\/{rel}","templated":true}]}}