{"id":59221,"date":"2017-10-19T00:00:00","date_gmt":"2017-10-19T06:00:00","guid":{"rendered":"https:\/\/dralvarez.com.mx\/larevista\/blog\/bienestar-laboral-para-mas-yucatecos-18835"},"modified":"2017-10-19T00:00:00","modified_gmt":"2017-10-19T06:00:00","slug":"bienestar-laboral-para-mas-yucatecos-18835","status":"publish","type":"post","link":"https:\/\/dralvarez.com.mx\/larevista\/yucatan\/bienestar-laboral-para-mas-yucatecos-18835","title":{"rendered":"Bienestar Laboral, para m\u00e1s yucatecos"},"content":{"rendered":"<\/p>\n<p>M\u00e9rida, Yucat\u00e1n, 17 de octubre de 2017.-<br \/>\nEl titular de la Secretar\u00eda del Trabajo y Previsi\u00f3n Social, Enrique Castillo<br \/>\nRuz, inaugur\u00f3 la segunda edici\u00f3n del Congreso Peninsular de Capital Humano, el<br \/>\ncual est\u00e1 enfocado a la captaci\u00f3n, detecci\u00f3n y retenci\u00f3n de talento, y tiene la<br \/>\nfinalidad de potencializar los resultados en materia de productividad. <\/p>\n<p>Dentro de dicho marco se<br \/>\nefectu\u00f3 una Feria de Empleo, la cual cont\u00f3 con la participaci\u00f3n de 46 empresas,<br \/>\nque ofertaron m\u00e1s de mil 200 vacantes en los giros de comercio, servicio e<br \/>\nindustria, con sueldos que fluctuaron entre los cuatro mil 900 y los 20 mil<br \/>\npesos. <\/p>\n<p>Cabe se\u00f1alar que para<br \/>\neste evento se otorg\u00f3 transporte gratuito para quienes buscaban una oportunidad<br \/>\nlaboral y servicio de copiado sin costo. De igual forma, a fin de crear<br \/>\nconciencia entre la sociedad sobre la erradicaci\u00f3n del trabajo infantil,<br \/>\n&nbsp;se present\u00f3 una exposici\u00f3n itinerante sobre ese tema. <\/p>\n<p>Al respecto, Castillo<br \/>\nRuz indic\u00f3 que es esencial que se conozca en qu\u00e9 consiste dicha problem\u00e1tica,<br \/>\nya que de esa manera la sociedad se sensibiliza y se fomenta la cultura de la<br \/>\nerradicaci\u00f3n de este flagelo. <\/p>\n<p>\u201cNuestros ni\u00f1os y ni\u00f1as<br \/>\ntienen derecho a recibir una educaci\u00f3n de calidad, a jugar con otros ni\u00f1os, en<br \/>\npocas palabras, a disfrutar de una ni\u00f1ez plena\u201d, a\u00f1adi\u00f3 el titular de la STPS<br \/>\nante dirigentes de los sectores obrero y patronal. <\/p>\n<p>Por su parte, el<br \/>\npresidente de la Asociaci\u00f3n de Ejecutivos en Desarrollo Humano, Francisco Sauri<br \/>\nNavarrete, expuso que el desaf\u00edo para todos los ejecutivos que gestionan<br \/>\ncapital humano es transformarse para pasar de ser \u00fanicamente soporte operativo<br \/>\na ubicarse como socio estrat\u00e9gico en la empresa. <\/p>\n<p>A su vez, la<br \/>\nrepresentante del Consejo Coordinador Empresarial, Lorena Gamboa Sosa, indic\u00f3<br \/>\nque los miembros del sector tienen un gran compromiso en lo que se refiere al<br \/>\ncrecimiento econ\u00f3mico del estado, ya que es importante la generaci\u00f3n de fuentes<br \/>\nde trabajo y empleos formales. <\/p>\n<p>Previo a la inauguraci\u00f3n<br \/>\ndel evento, el secretario del Trabajo entreg\u00f3 constancias del programa<br \/>\nCapacitar a representantes de diversas firmas, quienes participaron en el<br \/>\ndiplomado Gesti\u00f3n y Desarrollo del Capital Humano, mismo que la Universidad<br \/>\nMarista, en coordinaci\u00f3n con la Asociaci\u00f3n de Ejecutivos de Desarrollo Urbano<br \/>\n(Aedhu), llev\u00f3 a cabo. <\/p>\n<p>El congreso, organizado<br \/>\nentre la Secretar\u00eda y la Aedhu, tiene programadas m\u00faltiples conferencias de<br \/>\nreconocidos panelistas del \u00e1mbito durante dos d\u00edas.<\/p><\/p>\n","protected":false},"excerpt":{"rendered":"<p>Suman acciones para disminuir el desempleo en la entidad.<\/p>\n","protected":false},"author":1018,"featured_media":0,"comment_status":"open","ping_status":"open","sticky":false,"template":"","format":"standard","meta":{"tdm_status":"","tdm_grid_status":"","footnotes":""},"categories":[21],"tags":[],"_links":{"self":[{"href":"https:\/\/dralvarez.com.mx\/larevista\/wp-json\/wp\/v2\/posts\/59221"}],"collection":[{"href":"https:\/\/dralvarez.com.mx\/larevista\/wp-json\/wp\/v2\/posts"}],"about":[{"href":"https:\/\/dralvarez.com.mx\/larevista\/wp-json\/wp\/v2\/types\/post"}],"author":[{"embeddable":true,"href":"https:\/\/dralvarez.com.mx\/larevista\/wp-json\/wp\/v2\/users\/1018"}],"replies":[{"embeddable":true,"href":"https:\/\/dralvarez.com.mx\/larevista\/wp-json\/wp\/v2\/comments?post=59221"}],"version-history":[{"count":0,"href":"https:\/\/dralvarez.com.mx\/larevista\/wp-json\/wp\/v2\/posts\/59221\/revisions"}],"wp:attachment":[{"href":"https:\/\/dralvarez.com.mx\/larevista\/wp-json\/wp\/v2\/media?parent=59221"}],"wp:term":[{"taxonomy":"category","embeddable":true,"href":"https:\/\/dralvarez.com.mx\/larevista\/wp-json\/wp\/v2\/categories?post=59221"},{"taxonomy":"post_tag","embeddable":true,"href":"https:\/\/dralvarez.com.mx\/larevista\/wp-json\/wp\/v2\/tags?post=59221"}],"curies":[{"name":"wp","href":"https:\/\/api.w.org\/{rel}","templated":true}]}}