{"id":59219,"date":"2017-10-19T00:00:00","date_gmt":"2017-10-19T06:00:00","guid":{"rendered":"https:\/\/dralvarez.com.mx\/larevista\/blog\/en-marcha-semana-estatal-de-seguridad-y-salud-laboral-2017-18833"},"modified":"2017-10-19T00:00:00","modified_gmt":"2017-10-19T06:00:00","slug":"en-marcha-semana-estatal-de-seguridad-y-salud-laboral-2017-18833","status":"publish","type":"post","link":"https:\/\/dralvarez.com.mx\/larevista\/yucatan\/en-marcha-semana-estatal-de-seguridad-y-salud-laboral-2017-18833","title":{"rendered":"En marcha, Semana Estatal de Seguridad y Salud Laboral 2017"},"content":{"rendered":"<\/p>\n<p>Al inaugurar la edici\u00f3n 2017 de la Semana Estatal de<br \/>\nSeguridad y Salud, el secretario del Trabajo y Previsi\u00f3n Social, Enrique<br \/>\nCastillo Ruz, afirm\u00f3 que para el Gobierno del Estado estos aspectos son una<br \/>\nprioridad en los centros laborales, por lo que a trav\u00e9s de la dependencia a su<br \/>\ncargo se impulsa, de manera decidida, estrategias y acciones preventivas.<\/p>\n<p>Al asistir en<br \/>\nrepresentaci\u00f3n del titular del Poder Ejecutivo, Rolando Zapata Bello, el<br \/>\nfuncionario se\u00f1al\u00f3 que este evento tiene como prop\u00f3sito establecer pol\u00edticas<br \/>\np\u00fablicas y las directrices al sector obrero patronal para incidir en la<br \/>\ndisminuci\u00f3n de los riesgos en estos espacios.<\/p>\n<p>Desde el Edificio<br \/>\nAdministrativo Siglo XXI, precis\u00f3 que adem\u00e1s se pretende crear una cultura de<br \/>\nseguridad y salud, mediante capacitaciones y pl\u00e1ticas, en todos los centros de<br \/>\ntrabajo gubernamentales de \u00e1mbito local que cuenten con los equipos<br \/>\nfuncionales.<\/p>\n<p>Tambi\u00e9n, continu\u00f3,<br \/>\nfacultar a los empleados para que sepan afrontar cualquier situaci\u00f3n para<br \/>\nproteger sus vidas y el lugar donde laboran, adem\u00e1s de ayudar a disminuir los<br \/>\ncostos directos e indirectos por accidentes y enfermedades que padezcan, as\u00ed<br \/>\ncomo las consecuencias que \u00e9stos puedan generar.<\/p>\n<p>Castillo Ruz revel\u00f3 que<br \/>\nen lo que va del 2017 se han realizado 153  visitas a empresas y se han<br \/>\nimpartido 122 talleres para la formaci\u00f3n de Comisiones de Seguridad e Higiene,<br \/>\na la vez se han constituido 116 organismos de ese tipo.<\/p>\n<p>De acuerdo con datos<br \/>\nproporcionados por el Instituto Mexicano del Seguro Social (IMSS), los<br \/>\naccidentes en el trabajo han disminuido considerablemente, pues hasta<br \/>\nseptiembre del presente a\u00f1o se registraron  tres mil 200, contra los seis<br \/>\nmil 346 del a\u00f1o pasado, precis\u00f3 ante el coordinador General de Asesores, Eric<br \/>\nRubio Barthell, quien al dar la bienvenida, destac\u00f3 la importancia de esta<br \/>\nestrategia.<\/p>\n<p>Como parte del evento,<br \/>\nse revisaron y firmaron las actas constitutivas de las Comisiones de Seguridad<br \/>\ne Higiene de las diferentes instancias aglutinadas en el Edificio, como la<br \/>\nConsejer\u00eda Jur\u00eddica y el Despacho del Gobernador, as\u00ed como las Secretar\u00edas de<br \/>\nAdministraci\u00f3n y Finanzas (SAF), T\u00e9cnica de Planeaci\u00f3n  y Evaluaci\u00f3n<br \/>\n(Seplan) y de la Contralor\u00eda General (SCG), entre otras.<\/p>\n<p>Al evento asistieron el<br \/>\ndelegado federal del Trabajo, Ricardo B\u00e9jar Herrera; los titulares de la<br \/>\nConsejer\u00eda Jur\u00eddica, Carlos Pav\u00f3n Flores; de la Seplan, Guillermo Cort\u00e9s<br \/>\nGonz\u00e1lez, y de la SCG, Miguel Fern\u00e1ndez Vargaz.<\/p>\n<p>Asimismo, el secretario<br \/>\nGeneral del Sindicato de Trabajadores al Servicio del Poder Ejecutivo e<br \/>\nInstituciones Descentralizadas de Yucat\u00e1n (STSPEIDY), Jervis Garc\u00eda V\u00e1zquez, y<br \/>\na nombre del secretario de Administraci\u00f3n y Finanzas, Alfredo Dajer Abimerhi,<br \/>\nJavier Sol\u00eds Terrats.<\/p><\/p>\n","protected":false},"excerpt":{"rendered":"<p>Se suman dependencias de Gobierno a la cultura de la prevenci\u00f3n.<\/p>\n","protected":false},"author":1018,"featured_media":0,"comment_status":"open","ping_status":"open","sticky":false,"template":"","format":"standard","meta":{"tdm_status":"","tdm_grid_status":"","footnotes":""},"categories":[21],"tags":[],"_links":{"self":[{"href":"https:\/\/dralvarez.com.mx\/larevista\/wp-json\/wp\/v2\/posts\/59219"}],"collection":[{"href":"https:\/\/dralvarez.com.mx\/larevista\/wp-json\/wp\/v2\/posts"}],"about":[{"href":"https:\/\/dralvarez.com.mx\/larevista\/wp-json\/wp\/v2\/types\/post"}],"author":[{"embeddable":true,"href":"https:\/\/dralvarez.com.mx\/larevista\/wp-json\/wp\/v2\/users\/1018"}],"replies":[{"embeddable":true,"href":"https:\/\/dralvarez.com.mx\/larevista\/wp-json\/wp\/v2\/comments?post=59219"}],"version-history":[{"count":0,"href":"https:\/\/dralvarez.com.mx\/larevista\/wp-json\/wp\/v2\/posts\/59219\/revisions"}],"wp:attachment":[{"href":"https:\/\/dralvarez.com.mx\/larevista\/wp-json\/wp\/v2\/media?parent=59219"}],"wp:term":[{"taxonomy":"category","embeddable":true,"href":"https:\/\/dralvarez.com.mx\/larevista\/wp-json\/wp\/v2\/categories?post=59219"},{"taxonomy":"post_tag","embeddable":true,"href":"https:\/\/dralvarez.com.mx\/larevista\/wp-json\/wp\/v2\/tags?post=59219"}],"curies":[{"name":"wp","href":"https:\/\/api.w.org\/{rel}","templated":true}]}}