{"id":59217,"date":"2017-10-19T00:00:00","date_gmt":"2017-10-19T06:00:00","guid":{"rendered":"https:\/\/dralvarez.com.mx\/larevista\/blog\/implementa-ssy-jornadas-medicas-de-tratamiento-de-cancer-de-mama-18831"},"modified":"2017-10-19T00:00:00","modified_gmt":"2017-10-19T06:00:00","slug":"implementa-ssy-jornadas-medicas-de-tratamiento-de-cancer-de-mama-18831","status":"publish","type":"post","link":"https:\/\/dralvarez.com.mx\/larevista\/yucatan\/implementa-ssy-jornadas-medicas-de-tratamiento-de-cancer-de-mama-18831","title":{"rendered":"Implementa SSY jornadas m\u00e9dicas de tratamiento de c\u00e1ncer de mama"},"content":{"rendered":"<p>M\u00e9rida, Yucat\u00e1n, 18 de octubre de 2017.- &#8220;El c\u00e1ncer en las mujeres es un problema de salud p\u00fablica, siendo el de mama y el cervicouterino la primera y segunda causas de muerte entre este sector de 25 a\u00f1os y m\u00e1s&#8221;, afirm\u00f3 el director de Prevenci\u00f3n y Protecci\u00f3n de la Salud de la Secretar\u00eda de Salud de Yucat\u00e1n (SSY), Manuel Jes\u00fas Paredes Aguilar.<\/p>\n<p>En representaci\u00f3n de los titulares del Ejecutivo estatal y de la SSY, Rolando Zapata Bello y Jorge Eduardo Mendoza M\u00e9zquita, respectivamente, asever\u00f3 que la mortalidad por c\u00e1ncer de mama va al alza debido a una mayor incidencia de este padecimiento por el aumento en la esperanza de vida, la modificaci\u00f3n de h\u00e1bitos y la relaci\u00f3n del mismo con la obesidad.<\/p>\n<p>Paredes Aguilar detall\u00f3 que en M\u00e9xico, a partir de 2006, dicha patolog\u00eda es la primera causa de decesos por c\u00e1ncer en la mujer. En lo que respecta a Yucat\u00e1n, la entidad se ubica por debajo de la media nacional, en el sitio n\u00famero 26, con una tasa de mortalidad de 13. 2 por ciento, mientras que la nacional es de 18.<\/p>\n<p>Ante el director del Hospital General &#8220;Doctor Agust\u00edn O\u2019Hor\u00e1n&#8221;, Carlos Enrique Espadas Villajuana, dijo que la edad promedio en la que se presenta el mayor n\u00famero de casos es de 54.9. Lamentablemente, s\u00f3lo el 36.6 por ciento es diagnosticado en etapa temprana, el 16.2 en la intermedia y el 37.1 en etapa tard\u00eda; un diez por ciento del total son no clasificables.<\/p>\n<p>Insisti\u00f3 en la realizaci\u00f3n del tamizaje para una detecci\u00f3n oportuna, lo cual reduce potencialmente la tasa de mortalidad y la carga de esta enfermedad en la poblaci\u00f3n de riesgo entre 20 y 40 puntos porcentuales.<\/p>\n<p>Al brindar su testimonio, la beneficiaria de la Cl\u00ednica de la Mujer, Guadalupe Reyes Escalante, hizo un llamado a las mujeres para hacerse en tiempo y forma sus estudios as\u00ed como para practicar la autexploraci\u00f3n e identificar los cambios anormales que puedan encontrar en su cuerpo. Actualmente ella se encuentra en fase de remisi\u00f3n despu\u00e9s de haber recibido quimioterapia y conf\u00eda salir avante.<\/p>\n<p>Al evento acudieron Daniela Alcocer M\u00e9ndez, representante de la Cruz Roja Mexicana; Armando Borges y G\u00f3mez, del Instituto Mexicano del Seguro Social (IMSS); Mar\u00eda Elena Ceballos Gonz\u00e1lez, por parte del Sistema para el Desarrollo Integral de la Familia (DIF) estatal; el coronel Gonzalo Garc\u00eda Guerrero, director del Hospital Regional Militar de la Secretar\u00eda de la Defensa Nacional (Sedena); y el secretario General de la Secci\u00f3n 67 del Sindicato Nacional de Trabajadores de la Secretar\u00eda de Salud (SNTSS), Eulogio Pi\u00f1a Brice\u00f1o.<\/p>\n<p>Tambi\u00e9n asistieron Luis Rodr\u00edguez Tamayo, representante de Jervis Garc\u00eda V\u00e1zquez, secretario General del Sindicato de Trabajadores al Servicio del Poder Ejecutivo e Instituciones Descentralizadas de Yucat\u00e1n (STSPEIDY); el jefe de la Divisi\u00f3n de Ginecolog\u00eda y Obstetricia de la sede, Jos\u00e9 Fausto S\u00e1nchez Garc\u00eda; y el director de la Administraci\u00f3n del Patrimonio de la Beneficencia P\u00fablica del Estado de Yucat\u00e1n, Miguel \u00c1ngel Cabrera Palma.<\/p>\n<p>Ma\u00f1ana en punto de las 8:00 horas tendr\u00e1 lugar una marcha conmemorativa por el D\u00eda Internacional de la Lucha contra el C\u00e1ncer de Mama, que saldr\u00e1 del parque de La Mejorada de esta capital.<\/p>\n","protected":false},"excerpt":{"rendered":"<p>Las actividades se realizan en el marco previo al D\u00eda Internacional de la lucha contra este mal.<\/p>\n","protected":false},"author":1018,"featured_media":0,"comment_status":"open","ping_status":"open","sticky":false,"template":"","format":"standard","meta":{"tdm_status":"","tdm_grid_status":"","footnotes":""},"categories":[21],"tags":[],"_links":{"self":[{"href":"https:\/\/dralvarez.com.mx\/larevista\/wp-json\/wp\/v2\/posts\/59217"}],"collection":[{"href":"https:\/\/dralvarez.com.mx\/larevista\/wp-json\/wp\/v2\/posts"}],"about":[{"href":"https:\/\/dralvarez.com.mx\/larevista\/wp-json\/wp\/v2\/types\/post"}],"author":[{"embeddable":true,"href":"https:\/\/dralvarez.com.mx\/larevista\/wp-json\/wp\/v2\/users\/1018"}],"replies":[{"embeddable":true,"href":"https:\/\/dralvarez.com.mx\/larevista\/wp-json\/wp\/v2\/comments?post=59217"}],"version-history":[{"count":0,"href":"https:\/\/dralvarez.com.mx\/larevista\/wp-json\/wp\/v2\/posts\/59217\/revisions"}],"wp:attachment":[{"href":"https:\/\/dralvarez.com.mx\/larevista\/wp-json\/wp\/v2\/media?parent=59217"}],"wp:term":[{"taxonomy":"category","embeddable":true,"href":"https:\/\/dralvarez.com.mx\/larevista\/wp-json\/wp\/v2\/categories?post=59217"},{"taxonomy":"post_tag","embeddable":true,"href":"https:\/\/dralvarez.com.mx\/larevista\/wp-json\/wp\/v2\/tags?post=59217"}],"curies":[{"name":"wp","href":"https:\/\/api.w.org\/{rel}","templated":true}]}}