{"id":59214,"date":"2017-10-19T00:00:00","date_gmt":"2017-10-19T06:00:00","guid":{"rendered":"https:\/\/dralvarez.com.mx\/larevista\/blog\/yucatan-lider-en-mitigacion-del-cambio-climatico-18828"},"modified":"2017-10-19T00:00:00","modified_gmt":"2017-10-19T06:00:00","slug":"yucatan-lider-en-mitigacion-del-cambio-climatico-18828","status":"publish","type":"post","link":"https:\/\/dralvarez.com.mx\/larevista\/yucatan\/yucatan-lider-en-mitigacion-del-cambio-climatico-18828","title":{"rendered":"Yucat\u00e1n, l\u00edder en mitigaci\u00f3n del cambio clim\u00e1tico"},"content":{"rendered":"<p>M\u00e9rida, Yucat\u00e1n, 18 de octubre de 2017.- Por la implementaci\u00f3n de acciones y pol\u00edticas p\u00fablicas enfocadas a mitigar el cambio clim\u00e1tico a trav\u00e9s del uso de energ\u00edas limpias y la protecci\u00f3n de los recursos renovables de la regi\u00f3n, Yucat\u00e1n se ha convertido en un caso de \u00e9xito y ejemplo para toda Am\u00e9rica Latina, destacaron l\u00edderes ambientales.<\/p>\n<p>Como parte de la edici\u00f3n 36 del encuentro de activistas del The Climate Reality Project, que promueve el Premio Nobel de la Paz, Albert Arnold &#8220;Al&#8221; Gore, en la que particip\u00f3 el Gobernador Rolando Zapata Bello, por medio de una videoconferencia hasta la sede del evento en Pittsburg, Estados Unidos, los asistentes a esta capacitaci\u00f3n reconocieron que la entidad se perfila como punta de lanza y a la vanguardia en resarcir esa situaci\u00f3n del planeta.<\/p>\n<p>Al exponer los temas \u201cGobiernos locales ante el cambio clim\u00e1tico\u201d y \u201cRetos hacia la transici\u00f3n energ\u00e9tica sustentable\u201d, explic\u00f3 c\u00f3mo desde aqu\u00ed se contribuye a aminorar los efectos, al implementar proyectos que respetan las caracter\u00edsticas culturales de la poblaci\u00f3n y los recursos naturales.<\/p>\n<p>Yucat\u00e1n fue de los primeros en expedir un Programa de Acci\u00f3n ante el Cambio Clim\u00e1tico, donde establecimos que para el a\u00f1o 2030, reduciremos al 40 por ciento los gases de efecto invernadero que exist\u00edan en el a\u00f1o 2005. Asimismo, expedimos un decreto que establece una reserva protegida, denominada Anillo de Cenotes, formaciones caracter\u00edsticas de nuestra tierra, subray\u00f3 el mandatario ante la directora para M\u00e9xico de The Climate Reality Project, Natalia Lever Ortiz<\/p>\n<p>Acompa\u00f1ado del secretario de Desarrollo Urbano y Medio Ambiente, Eduardo Batllori Sampedro, Zapata Bello resalt\u00f3 que la entidad tambi\u00e9n se ha convertido en una zona libre de transg\u00e9nicos, lo que permite impulsar cultivos tradicionales como la milpa tradicional maya. <\/p>\n<p>En el a\u00f1o 2016, producto de la reforma energ\u00e9tica, se licitaron 14 grandes proyectos de energ\u00eda renovable en nuestro pa\u00eds y de estos, nueve quedaron precisamente en Yucat\u00e1n: cuatro proyectos de energ\u00eda e\u00f3lica y cinco de energ\u00eda fotovoltaica, los cuales ya se encuentran en pleno proceso de implementaci\u00f3n, record\u00f3 junto con el presidente de la Agrupaci\u00f3n Peninsular de Energ\u00eda Renovable, Benigno Villarreal del R\u00edo.<\/p>\n<p>En presencia de Gerardo Garc\u00eda Mart\u00ednez, mentor y representante de los l\u00edderes de esa organizaci\u00f3n internacional para Am\u00e9rica Latina que participan en el encuentro fundado hace 10 a\u00f1os por el ex vicepresidente de los Estados Unidos, Zapata Bello insisti\u00f3 en la responsabilidad, tanto de ciudadanos, como acad\u00e9micos y autoridades, de fomentar en las nuevas generaciones una costumbre de protecci\u00f3n al medio ambiente y el uso de energ\u00edas limpias.<\/p>\n<p>En su turno, S\u00e9bastien Proust, representante de The Nature Conservancy, resalt\u00f3 la trascendencia de tomar acciones desde lo local, principalmente las empresas, que necesitan ser m\u00e1s sustentables y mirar hacia el ecosistema y la naturaleza, para adaptarse al entorno y potenciar su crecimiento.  <\/p>\n<p>\u201cUn ejemplo es la pen\u00ednsula, que representa una potencia tur\u00edstica en la zona, pero el cambio clim\u00e1tico le provoca grandes riesgos. De ah\u00ed la necesidad de adaptarnos empresas, ciudadanos y gobiernos si no queremos perder este importante patrimonio natural\u201d, acot\u00f3. <\/p>\n<p>Por su parte, la empresaria y l\u00edder del tema en el estado Nayelli Hern\u00e1ndez Crespo precis\u00f3 que se eligi\u00f3 a Yucat\u00e1n para formar parte del encuentro, por ser un caso de \u00e9xito en la interlocuci\u00f3n entre la sociedad civil organizada con la generaci\u00f3n de pol\u00edticas p\u00fablicas y acciones eficientes en la materia.  <\/p>\n<p>Despu\u00e9s de su participaci\u00f3n en esta conferencia, el titular del Poder Ejecutivo visit\u00f3 los trabajos de construcci\u00f3n del Museo del Cr\u00e1ter de Chicxulub que se edifica en el Parque Cient\u00edfico y Tecnol\u00f3gico de Yucat\u00e1n con una inversi\u00f3n de m\u00e1s de 50 millones de pesos y que a la fecha presenta un avance superior al 40 por ciento. <\/p>\n","protected":false},"excerpt":{"rendered":"<p>Promotores ambientales reconocen las acciones concretas que el estado aplica sobre este tema.<\/p>\n","protected":false},"author":1018,"featured_media":0,"comment_status":"open","ping_status":"open","sticky":false,"template":"","format":"standard","meta":{"tdm_status":"","tdm_grid_status":"","footnotes":""},"categories":[21],"tags":[],"_links":{"self":[{"href":"https:\/\/dralvarez.com.mx\/larevista\/wp-json\/wp\/v2\/posts\/59214"}],"collection":[{"href":"https:\/\/dralvarez.com.mx\/larevista\/wp-json\/wp\/v2\/posts"}],"about":[{"href":"https:\/\/dralvarez.com.mx\/larevista\/wp-json\/wp\/v2\/types\/post"}],"author":[{"embeddable":true,"href":"https:\/\/dralvarez.com.mx\/larevista\/wp-json\/wp\/v2\/users\/1018"}],"replies":[{"embeddable":true,"href":"https:\/\/dralvarez.com.mx\/larevista\/wp-json\/wp\/v2\/comments?post=59214"}],"version-history":[{"count":0,"href":"https:\/\/dralvarez.com.mx\/larevista\/wp-json\/wp\/v2\/posts\/59214\/revisions"}],"wp:attachment":[{"href":"https:\/\/dralvarez.com.mx\/larevista\/wp-json\/wp\/v2\/media?parent=59214"}],"wp:term":[{"taxonomy":"category","embeddable":true,"href":"https:\/\/dralvarez.com.mx\/larevista\/wp-json\/wp\/v2\/categories?post=59214"},{"taxonomy":"post_tag","embeddable":true,"href":"https:\/\/dralvarez.com.mx\/larevista\/wp-json\/wp\/v2\/tags?post=59214"}],"curies":[{"name":"wp","href":"https:\/\/api.w.org\/{rel}","templated":true}]}}