{"id":59212,"date":"2017-10-18T00:00:00","date_gmt":"2017-10-18T06:00:00","guid":{"rendered":"https:\/\/dralvarez.com.mx\/larevista\/blog\/liborio-vidal-comparte-experiencia-con-jovenes-de-oxkutzcab-18826"},"modified":"2017-10-18T00:00:00","modified_gmt":"2017-10-18T06:00:00","slug":"liborio-vidal-comparte-experiencia-con-jovenes-de-oxkutzcab-18826","status":"publish","type":"post","link":"https:\/\/dralvarez.com.mx\/larevista\/yucatan\/liborio-vidal-comparte-experiencia-con-jovenes-de-oxkutzcab-18826","title":{"rendered":"Liborio Vidal comparte experiencia con j\u00f3venes de Oxkutzcab"},"content":{"rendered":"<\/p>\n<p>M\u00e9ridas, Yucat\u00e1n, a 18 de octubre de 2017. Liborio Vidal Aguilar tuvo un encuentro con los emprendedores del interior del Estado a trav\u00e9s de la conferencia \u201cImagina y Haz\u201d que imparti\u00f3 en el Instituto Tecnol\u00f3gico Superior del Sur del Estado de Yucat\u00e1n (ITSSY).<\/p>\n<p>La historia de c\u00f3mo Vidal Aguilar inici\u00f3 su negocio hace m\u00e1s de 30 a\u00f1os en Valladolid, en un espacio que le prest\u00f3 su pap\u00e1 y con siete art\u00edculos para el hogar para convertirse en un exitoso empresario con tiendas en 12 Estados de la Rep\u00fablica, gener\u00f3 gran inter\u00e9s entre los j\u00f3venes.<\/p>\n<p>\u201cYo les invito j\u00f3venes a que se atrevan, no se queden s\u00f3lo con las ideas, busquen innovar, que no les d\u00e9 miedo la competencia, ustedes pueden lograr todo lo que quieran si trabajan y ponen todo su esfuerzo en ello\u201d, dijo el #AmigoLibo.<\/p>\n<p>El empresario yucateco comparti\u00f3 su experiencia en China, c\u00f3mo una crisis le llev\u00f3 a buscar nuevas opciones para no quebrar y describi\u00f3 ese momento como una gran oportunidad. \u201cNo hay que tener miedo a las crisis, mucho menos quedarse paralizados, al contrario, es el momento de moverse\u201d.<\/p>\n<p>Tambi\u00e9n comparti\u00f3 la an\u00e9cdota de cuando por ahorrar unos centavos de d\u00f3lar  confi\u00f3 en una f\u00e1brica mediana que nunca le envi\u00f3 los productos, y que al poco tiempo cerr\u00f3, esto se convirti\u00f3 en un aprendizaje que le permiti\u00f3 utilizar las cartas de cr\u00e9dito como una herramienta para establecer relaciones comerciales m\u00e1s seguras y confiables.<\/p>\n<p>Para Liborio Vidal es de gran importancia platicar con los j\u00f3venes, compartir con ellos las vivencias y motivarlos primero a que tengan sue\u00f1os y luego brindarles las herramientas para que puedan alcanzarlos.<\/p>\n<p>Alrededor de 200 alumnos estuvieron presentes en la conferencia \u201cImagina y Haz\u201d, as\u00ed como el director del (ITSSY), Juan Carlos S\u00e1nchez V\u00e1zquez; la coordinadora de Ingenier\u00eda Industrial, Elsy Calder\u00f3n; la Coordinadora de Gesti\u00f3n Empresarial, Rosy L\u00f3pez; el coordinador de Bioqu\u00edmica, Alfredo Moguel; el coordinador de Desarrollo Comunitario, C\u00e9sar Lara, el coordinador de Sistemas Computacionales, Hern\u00e1n Aranda, y el subdirector administrativo, Humberto Parra.<\/p><\/p>\n","protected":false},"excerpt":{"rendered":"<p>\u201cImagina y haz\u201d, conferencia del empresario yucateco.<\/p>\n","protected":false},"author":1018,"featured_media":0,"comment_status":"open","ping_status":"open","sticky":false,"template":"","format":"standard","meta":{"tdm_status":"","tdm_grid_status":"","footnotes":""},"categories":[21],"tags":[],"_links":{"self":[{"href":"https:\/\/dralvarez.com.mx\/larevista\/wp-json\/wp\/v2\/posts\/59212"}],"collection":[{"href":"https:\/\/dralvarez.com.mx\/larevista\/wp-json\/wp\/v2\/posts"}],"about":[{"href":"https:\/\/dralvarez.com.mx\/larevista\/wp-json\/wp\/v2\/types\/post"}],"author":[{"embeddable":true,"href":"https:\/\/dralvarez.com.mx\/larevista\/wp-json\/wp\/v2\/users\/1018"}],"replies":[{"embeddable":true,"href":"https:\/\/dralvarez.com.mx\/larevista\/wp-json\/wp\/v2\/comments?post=59212"}],"version-history":[{"count":0,"href":"https:\/\/dralvarez.com.mx\/larevista\/wp-json\/wp\/v2\/posts\/59212\/revisions"}],"wp:attachment":[{"href":"https:\/\/dralvarez.com.mx\/larevista\/wp-json\/wp\/v2\/media?parent=59212"}],"wp:term":[{"taxonomy":"category","embeddable":true,"href":"https:\/\/dralvarez.com.mx\/larevista\/wp-json\/wp\/v2\/categories?post=59212"},{"taxonomy":"post_tag","embeddable":true,"href":"https:\/\/dralvarez.com.mx\/larevista\/wp-json\/wp\/v2\/tags?post=59212"}],"curies":[{"name":"wp","href":"https:\/\/api.w.org\/{rel}","templated":true}]}}