{"id":59210,"date":"2017-10-18T00:00:00","date_gmt":"2017-10-18T06:00:00","guid":{"rendered":"https:\/\/dralvarez.com.mx\/larevista\/blog\/ciudadanos-resaltan-beneficios-economicos-de-nuevas-tarifas-electricas-18824"},"modified":"2017-10-18T00:00:00","modified_gmt":"2017-10-18T06:00:00","slug":"ciudadanos-resaltan-beneficios-economicos-de-nuevas-tarifas-electricas-18824","status":"publish","type":"post","link":"https:\/\/dralvarez.com.mx\/larevista\/yucatan\/ciudadanos-resaltan-beneficios-economicos-de-nuevas-tarifas-electricas-18824","title":{"rendered":"Ciudadanos resaltan beneficios econ\u00f3micos de nuevas tarifas el\u00e9ctricas"},"content":{"rendered":"<\/p>\n<p>M\u00e9rida, Yucat\u00e1n, 18 de octubre de 2017.- Un impacto positivo y alivio para la econom\u00eda de nuestras familias representa el reajuste en el costo del consumo el\u00e9ctrico, pues nos permitir\u00e1 utilizar ese dinero en otras necesidades que tenemos, manifestaron Tito Aguirre y Lucila Carrillo V\u00e1zquez luego de que la Comisi\u00f3n Federal de Electricidad (CFE) anunci\u00f3 una reclasificaci\u00f3n de sus tarifas para M\u00e9rida, lo que derivar\u00e1 en un beneficio directo para los vecinos de las colonias de la capital y sus comisar\u00edas, en el per\u00edodo de verano.<\/p>\n<p>Durante un encuentro con el Gobernador Rolando Zapata Bello y personal de la CFE para dar a conocer este cambio, Tito, vecino del fraccionamiento Jardines del Norte, junto con otros ciudadanos, expres\u00f3 su benepl\u00e1cito por la medida, que sin duda se traducir\u00e1 en considerable ahorro para sus bolsillos, en especial para quienes son de bajos ingresos y el pago de luz les significa un fuerte gasto.&nbsp;&nbsp;<\/p>\n<p>&#8220;Estoy muy contenta porque s\u00e9 que va a bajar el costo de mi recibo y justo en los meses que m\u00e1s se necesita porque es cuando hace m\u00e1s calor y utilizamos m\u00e1s el clima, los ventiladores. Me da tranquilidad saber que voy a recibir un apoyo en el pago, pero tambi\u00e9n s\u00e9 que debemos mejorar nuestros h\u00e1bitos en el consumo de la energ\u00eda para usar s\u00f3lo lo necesario; eso tambi\u00e9n ayudar\u00e1 a que paguemos menos&#8221;, coment\u00f3 Lucila, de la colonia San Antonio Xluch III.<\/p>\n<p>En la reuni\u00f3n, celebrada en la Direcci\u00f3n General de Relaciones P\u00fablicas del Centro de Convenciones Yucat\u00e1n Siglo XXI, el mandatario record\u00f3 que \u201cel Presidente de la Rep\u00fablica, Enrique Pe\u00f1a Nieto, estaba muy pendiente desde el inicio de su administraci\u00f3n, ten\u00eda el compromiso, de la reducci\u00f3n de las tarifas el\u00e9ctricas en los hogares mexicanos\u201d.<\/p>\n<p>\u201cEn agosto de este a\u00f1o, el Presidente Pe\u00f1a Nieto destac\u00f3 que 99 por ciento de las familias mexicanas ya ha sido beneficiado con una reducci\u00f3n en el costo del servicio de electricidad. Ahora, las familias meridanas recibir\u00e1n este beneficio con una tarifa de menor costo. Es por ello que es importante que ustedes repliquen esta informaci\u00f3n entre sus agremiados, familiares y conocidos\u201d, puntualiz\u00f3 en presencia de dirigentes sindicales del sector obrero y magisterial.<\/p>\n<p>Esto se debe a que el Gobierno de la Rep\u00fablica subsidia en mayor medida el consumo el\u00e9ctrico en verano, porque el calor provoca un incremento en los hogares, ya sea para refrescar el ambiente en las viviendas o por el mayor esfuerzo de electrodom\u00e9sticos como el refrigerador, agreg\u00f3.<\/p>\n<p>La reclasificaci\u00f3n para M\u00e9rida es resultado del proceso de revisi\u00f3n de temperaturas que realiza la CFE peri\u00f3dicamente junto con la Comisi\u00f3n Nacional del Agua (Conagua). En ese sentido, se analizan los registros promedio de abril, mayo, junio, julio, agosto y septiembre. Cuando se detecta que dos meses consecutivos tienen temperaturas promedio superiores a 30 grados, y esto ocurre por tres a\u00f1os, se procede a ajustar los costos para una regi\u00f3n o municipio.<\/p>\n<p>El gerente Comercial y de Suministro B\u00e1sico Peninsular de la CFE, Mat\u00edas Berm\u00fadez Guerra, explic\u00f3 durante el encuentro que, con la nueva reclasificaci\u00f3n, el total de los aproximadamente 350 mil clientes del servicio dom\u00e9stico de la CFE en M\u00e9rida pasar\u00e1n de las tarifas 1B y 1C, que corresponden a temperaturas m\u00e1s frescas, a la 1D, una tarifa para lugares m\u00e1s c\u00e1lidos, que recibe mayor subsidio en los meses de abril a septiembre y que, por lo tanto, representa un menor costo para los ciudadanos.<\/p>\n<p>Por poner un ejemplo del beneficio de la reclasificaci\u00f3n, un habitante de la comisar\u00eda de Chich\u00ed Su\u00e1rez que factura un consumo bimestral de dos mil 376 pesos en verano con la tarifa 1B, pasar\u00e1 a pagar aproximadamente mil 34 pesos con la tarifa 1D; es decir, tendr\u00e1 un ahorro de mil 342 pesos. De esta forma, en el periodo de verano la reducci\u00f3n ser\u00e1 de aproximadamente un 56 por ciento para quienes actualmente est\u00e1n en la 1B y que a partir de abril de 2018 pasar\u00e1n a la 1D.<\/p>\n<p>Otro vecino meridano, de Chuburn\u00e1, que factura un consumo bimestral de mil 583 pesos durante verano con la tarifa 1C, con la nueva tarifa, su recibo llegar\u00e1 aproximadamente a los mismos mil 34 pesos del ejemplo anterior, un ahorro de 548 pesos. Esto significa que los habitantes que actualmente tienen la tarifa 1C y pasen a la 1D tendr\u00e1n una reducci\u00f3n de casi 35 por ciento.<\/p>\n<p>Adicionalmente, tres mil de los cinco mil clientes ubicados en la tarifa Dom\u00e9stica de Alto Consumo (DAC) se ver\u00e1n beneficiados con reducciones de hasta el 79 por ciento en el costo del servicio. Solamente aquellos usuarios que consumen m\u00e1s de dos mil 500 kilowatts\/hora se mantendr\u00e1n con la tarifa DAC actual.<\/p>\n<p>En el marco de la charla con vecinos de M\u00e9rida, el personal de la CFE realiz\u00f3 simulaciones con los recibos dom\u00e9sticos de los asistentes, para que pudieran saber cu\u00e1nto ser\u00eda el ahorro aproximado que tendr\u00edan a partir de abril pr\u00f3ximo.<\/p><\/p>\n","protected":false},"excerpt":{"rendered":"<p>El precio del servicio en M\u00e9rida y sus comisar\u00edas se reducir\u00e1 durante el verano.<\/p>\n","protected":false},"author":1018,"featured_media":0,"comment_status":"open","ping_status":"open","sticky":false,"template":"","format":"standard","meta":{"tdm_status":"","tdm_grid_status":"","footnotes":""},"categories":[21],"tags":[],"_links":{"self":[{"href":"https:\/\/dralvarez.com.mx\/larevista\/wp-json\/wp\/v2\/posts\/59210"}],"collection":[{"href":"https:\/\/dralvarez.com.mx\/larevista\/wp-json\/wp\/v2\/posts"}],"about":[{"href":"https:\/\/dralvarez.com.mx\/larevista\/wp-json\/wp\/v2\/types\/post"}],"author":[{"embeddable":true,"href":"https:\/\/dralvarez.com.mx\/larevista\/wp-json\/wp\/v2\/users\/1018"}],"replies":[{"embeddable":true,"href":"https:\/\/dralvarez.com.mx\/larevista\/wp-json\/wp\/v2\/comments?post=59210"}],"version-history":[{"count":0,"href":"https:\/\/dralvarez.com.mx\/larevista\/wp-json\/wp\/v2\/posts\/59210\/revisions"}],"wp:attachment":[{"href":"https:\/\/dralvarez.com.mx\/larevista\/wp-json\/wp\/v2\/media?parent=59210"}],"wp:term":[{"taxonomy":"category","embeddable":true,"href":"https:\/\/dralvarez.com.mx\/larevista\/wp-json\/wp\/v2\/categories?post=59210"},{"taxonomy":"post_tag","embeddable":true,"href":"https:\/\/dralvarez.com.mx\/larevista\/wp-json\/wp\/v2\/tags?post=59210"}],"curies":[{"name":"wp","href":"https:\/\/api.w.org\/{rel}","templated":true}]}}