{"id":59186,"date":"2017-10-18T00:00:00","date_gmt":"2017-10-18T06:00:00","guid":{"rendered":"https:\/\/dralvarez.com.mx\/larevista\/blog\/pan-decidira-hoy-metodo-de-seleccion-de-sus-candidatos-rumbo-a-2018-18799"},"modified":"2017-10-18T00:00:00","modified_gmt":"2017-10-18T06:00:00","slug":"pan-decidira-hoy-metodo-de-seleccion-de-sus-candidatos-rumbo-a-2018-18799","status":"publish","type":"post","link":"https:\/\/dralvarez.com.mx\/larevista\/yucatan\/pan-decidira-hoy-metodo-de-seleccion-de-sus-candidatos-rumbo-a-2018-18799","title":{"rendered":"PAN decidir\u00e1 hoy m\u00e9todo de selecci\u00f3n de sus candidatos rumbo a 2018"},"content":{"rendered":"<\/p>\n<p>M\u00e9rida, Yucat\u00e1n.; 18 de octubre de 2017 (ACOM).- El Comit\u00e9 Estatal del Partido Acci\u00f3n Nacional sesionar\u00e1 para determinar el m\u00e9todo de selecci\u00f3n de sus candidatos para las elecciones de 2018, lo cual es un tema que ha provocado diversas opiniones entre quienes aspiran a ser protagonistas de esta competencia electoral.<u><\/u><u><\/u><\/p>\n<p>Al respecto, el presidente municipal de M\u00e9rida, Mauricio Vila Dosal opin\u00f3 que el sistema que se deber\u00e1 seguir es la designaci\u00f3n, mientras que otras voces piden una elecci\u00f3n interna para la selecci\u00f3n de sus precandidatos.<u><\/u><u><\/u><\/p>\n<p>En su caso, Mauricio D\u00edaz Montalvo, l\u00edder de los regidores panistas en M\u00e9rida destac\u00f3 que la militancia est\u00e1 pidiendo una elecci\u00f3n interna a la alcald\u00eda y no una designaci\u00f3n como pretenden establecer.<u><\/u><u><\/u><\/p>\n<p>Al respecto, Cecilia Patr\u00f3n Laviada, quien busca la presidencia municipal de M\u00e9rida, apunt\u00f3 que la elecci\u00f3n interna es el camino viable para que los panistas respondan al proceso de selecci\u00f3n de candidatos.<u><\/u><u><\/u><\/p>\n<p>A su vez, el diputado federal, Joaqu\u00edn D\u00edaz Mena estableci\u00f3 que el m\u00e9todo para la selecci\u00f3n de candidatos a las alcald\u00edas tendr\u00eda que ser por elecci\u00f3n interna, pero, no hay nada definido porque ser\u00e1 una determinaci\u00f3n del Consejo Pol\u00edtico y la Comisi\u00f3n Permanente las que determinen las condiciones.<u><\/u><u><\/u><\/p>\n<p>En lo particular, expuso Mauricio D\u00edaz Montalvo, aspirante a la alcald\u00eda de M\u00e9rida, dijo que el sistema de designaci\u00f3n para candidato a la gubernatura es la correcta, pero en el caso de las alcald\u00edas tendr\u00eda que haber una consulta a los panistas para hacerlos presentes y validar su determinaci\u00f3n con los candidatos que ellos determinen.<u><\/u><u><\/u><\/p>\n<p>Detall\u00f3 que el Consejo Estatal y la Comisi\u00f3n Permanente suman menos de 40 personas, ellos se reunir\u00e1n para determinar los mecanismos para la selecci\u00f3n de candidatos para las elecciones de 2018. \u201cEl problema es que si los panistas advierten que no fueron tomados en cuenta, podr\u00eda ocasionar una desilusi\u00f3n y un alejamiento a las condiciones electorales, lo que podr\u00eda motivar que muchos panistas no participen\u201d.<u><\/u><u><\/u><\/p>\n<p>En este caso, repuso, el Consejo Estatal est\u00e1 dividido en fuerzas, ya que un 80 por ciento de los delegados los controlan Ra\u00fal Paz, Mauricio Vila y Joaqu\u00edn D\u00edaz Mena, entonces ser\u00e1 de esa manera como se definan las fuerzas y las condiciones para la selecci\u00f3n de los candidatos rumbo a 2018.<\/p><\/p>\n","protected":false},"excerpt":{"rendered":"<p>Principales aspirantes vierten diferentes opiniones acerca del mecanismo para postularse.<\/p>\n","protected":false},"author":1018,"featured_media":0,"comment_status":"open","ping_status":"open","sticky":false,"template":"","format":"standard","meta":{"tdm_status":"","tdm_grid_status":"","footnotes":""},"categories":[21],"tags":[],"_links":{"self":[{"href":"https:\/\/dralvarez.com.mx\/larevista\/wp-json\/wp\/v2\/posts\/59186"}],"collection":[{"href":"https:\/\/dralvarez.com.mx\/larevista\/wp-json\/wp\/v2\/posts"}],"about":[{"href":"https:\/\/dralvarez.com.mx\/larevista\/wp-json\/wp\/v2\/types\/post"}],"author":[{"embeddable":true,"href":"https:\/\/dralvarez.com.mx\/larevista\/wp-json\/wp\/v2\/users\/1018"}],"replies":[{"embeddable":true,"href":"https:\/\/dralvarez.com.mx\/larevista\/wp-json\/wp\/v2\/comments?post=59186"}],"version-history":[{"count":0,"href":"https:\/\/dralvarez.com.mx\/larevista\/wp-json\/wp\/v2\/posts\/59186\/revisions"}],"wp:attachment":[{"href":"https:\/\/dralvarez.com.mx\/larevista\/wp-json\/wp\/v2\/media?parent=59186"}],"wp:term":[{"taxonomy":"category","embeddable":true,"href":"https:\/\/dralvarez.com.mx\/larevista\/wp-json\/wp\/v2\/categories?post=59186"},{"taxonomy":"post_tag","embeddable":true,"href":"https:\/\/dralvarez.com.mx\/larevista\/wp-json\/wp\/v2\/tags?post=59186"}],"curies":[{"name":"wp","href":"https:\/\/api.w.org\/{rel}","templated":true}]}}