{"id":59180,"date":"2017-10-18T00:00:00","date_gmt":"2017-10-18T06:00:00","guid":{"rendered":"https:\/\/dralvarez.com.mx\/larevista\/blog\/avanza-cobertura-en-educacion-preescolar-18793"},"modified":"2017-10-18T00:00:00","modified_gmt":"2017-10-18T06:00:00","slug":"avanza-cobertura-en-educacion-preescolar-18793","status":"publish","type":"post","link":"https:\/\/dralvarez.com.mx\/larevista\/yucatan\/avanza-cobertura-en-educacion-preescolar-18793","title":{"rendered":"Avanza cobertura en educaci\u00f3n preescolar"},"content":{"rendered":"<p>M\u00e9rida, Yucat\u00e1n, 17 de octubre de 2017.- En Yucat\u00e1n se ha mantenido la alta cobertura en el servicio de ense\u00f1anza preescolar y al menos en el \u00faltimo a\u00f1o la matr\u00edcula aument\u00f3 en un rango de atenci\u00f3n de entre 47 mil 500 a 50 mil alumnos.<\/p>\n<p>El titular de la Secretar\u00eda de Educaci\u00f3n (Segey), V\u00edctor Caballero Dur\u00e1n, mencion\u00f3 que este crecimiento se asocia a la importancia que los padres de familia le est\u00e1n dando al aprendizaje a temprana edad, as\u00ed como a la necesidad de inscribir a sus hijos con la tranquilidad de saber que est\u00e1n en espacios escolares en buenas condiciones.<\/p>\n<p>Recientemente, en el Panorama de la Educaci\u00f3n en M\u00e9xico 2017, la Organizaci\u00f3n para la Cooperaci\u00f3n y el Desarrollo Econ\u00f3micos (OCDE) defini\u00f3 que en el pa\u00eds aument\u00f3 el n\u00famero de alumnos de este nivel un 89 por ciento, principalmente en los ni\u00f1os de cuatro a\u00f1os, y que Yucat\u00e1n no es la excepci\u00f3n.<\/p>\n<p>Actualmente en el estado existen 395 jardines de ni\u00f1os oficiales y 290 privados; sin embargo, de los 64 mil 146 estudiantes en total, 49 mil 371 asisten a los de tipo p\u00fablico. En ese sentido, la directora de Educaci\u00f3n Inicial y Preescolar, Martha Mar\u00eda Patricia L\u00f3pez Gonz\u00e1lez, coment\u00f3 que la obligatoriedad ha permitido que la sociedad le d\u00e9 mayor importancia.<\/p>\n<p>&#8220;La educaci\u00f3n inicial desempe\u00f1a una funci\u00f3n de primera importancia en el aprendizaje y el desarrollo de todos los ni\u00f1os. Para los ni\u00f1os \u2018en situaci\u00f3n de riesgo\u2019, la primera experiencia escolar puede favorecer de manera valiosa el desarrollo de sus capacidades personales para enfrentar situaciones dif\u00edciles derivadas de circunstancias familiares o sociales. Es decir, puede ser fundamental para prevenir el riesgo del fracaso escolar y social&#8221;, puntualiz\u00f3.<\/p>\n<p>Adem\u00e1s, la ense\u00f1anza ha tenido cambios y transformaciones en su metodolog\u00eda de trabajo, ya que en estos tiempos la percepci\u00f3n que se tiene del ni\u00f1o difiere a la de hace 40 a\u00f1os. Muestra de lo anterior es la labor que se ha realizado en el Centro de Desarrollo Integral (Cendi) &#8220;William Quintal&#8221;, ubicado en Um\u00e1n.<\/p>\n<p>Dicho plantel fue seleccionado para ser ejemplo en el pa\u00eds por su buena aplicaci\u00f3n del Modelo de Atenci\u00f3n Nacional con Enfoque Integral, el cual busca que los infantes cultiven su inteligencia, personalidad y creatividad.<\/p>\n<p>Los programas y m\u00e9todos que se usaban en otra \u00e9poca se centraban m\u00e1s en las habilidades motrices como pintar y recortar. Ahora, se les da a alumnos la oportunidad para potencializar sus competencias afectivas, sociales y cognitivas.<\/p>\n<p>Finalmente, Caballero Dur\u00e1n indic\u00f3 que los m\u00e1s de mil 900 educadores est\u00e1n comprometidos en hacer que los ni\u00f1os piensen, expresen sus ideas y sentimientos por distintos medios, distingan, propongan, expliquen, cuestionen, comparen, trabajen en colaboraci\u00f3n y manifiesten actitudes favorables hacia el trabajo y la convivencia. Adem\u00e1s, se les motiva a aprender m\u00e1s de lo que saben acerca del mundo y a que sean personas cada vez m\u00e1s seguras, aut\u00f3nomas, creativas y participativas.<\/p>\n","protected":false},"excerpt":{"rendered":"<p>Aumenta la matr\u00edcula en ese nivel de 47 mil 500 a 50 mil estudiantes.<\/p>\n","protected":false},"author":1018,"featured_media":0,"comment_status":"open","ping_status":"open","sticky":false,"template":"","format":"standard","meta":{"tdm_status":"","tdm_grid_status":"","footnotes":""},"categories":[21],"tags":[],"_links":{"self":[{"href":"https:\/\/dralvarez.com.mx\/larevista\/wp-json\/wp\/v2\/posts\/59180"}],"collection":[{"href":"https:\/\/dralvarez.com.mx\/larevista\/wp-json\/wp\/v2\/posts"}],"about":[{"href":"https:\/\/dralvarez.com.mx\/larevista\/wp-json\/wp\/v2\/types\/post"}],"author":[{"embeddable":true,"href":"https:\/\/dralvarez.com.mx\/larevista\/wp-json\/wp\/v2\/users\/1018"}],"replies":[{"embeddable":true,"href":"https:\/\/dralvarez.com.mx\/larevista\/wp-json\/wp\/v2\/comments?post=59180"}],"version-history":[{"count":0,"href":"https:\/\/dralvarez.com.mx\/larevista\/wp-json\/wp\/v2\/posts\/59180\/revisions"}],"wp:attachment":[{"href":"https:\/\/dralvarez.com.mx\/larevista\/wp-json\/wp\/v2\/media?parent=59180"}],"wp:term":[{"taxonomy":"category","embeddable":true,"href":"https:\/\/dralvarez.com.mx\/larevista\/wp-json\/wp\/v2\/categories?post=59180"},{"taxonomy":"post_tag","embeddable":true,"href":"https:\/\/dralvarez.com.mx\/larevista\/wp-json\/wp\/v2\/tags?post=59180"}],"curies":[{"name":"wp","href":"https:\/\/api.w.org\/{rel}","templated":true}]}}