{"id":59176,"date":"2017-10-18T00:00:00","date_gmt":"2017-10-18T06:00:00","guid":{"rendered":"https:\/\/dralvarez.com.mx\/larevista\/blog\/es-necesario-un-nuevo-modelo-de-gestion-publica-afirma-ramirez-marin-18789"},"modified":"2017-10-18T00:00:00","modified_gmt":"2017-10-18T06:00:00","slug":"es-necesario-un-nuevo-modelo-de-gestion-publica-afirma-ramirez-marin-18789","status":"publish","type":"post","link":"https:\/\/dralvarez.com.mx\/larevista\/yucatan\/es-necesario-un-nuevo-modelo-de-gestion-publica-afirma-ramirez-marin-18789","title":{"rendered":"Es necesario un nuevo modelo de gesti\u00f3n p\u00fablica, afirma Ram\u00edrez Mar\u00edn"},"content":{"rendered":"<\/p>\n<p>&#8220;Con nuestra democracia hemos conseguido la gobernabilidad y la estabilidad, pero apenas estamos construyendo la gobernanza colaborativa, entendida como la participaci\u00f3n de la sociedad, la academia y el sector privado en la toma de decisiones y la ejecuci\u00f3n de las pol\u00edticas p\u00fablicas&#8221;, afirm\u00f3 el diputado federal Jorge Carlos Ram\u00edrez Mar\u00edn.<\/p>\n<p>&#8220;Es necesario un nuevo modelo de gesti\u00f3n p\u00fablica que responda a las necesidades de la sociedad y procure el bienestar social. La unilateralidad y al pragmatismo en la toma de decisiones, nos indica que el gobierno no est\u00e1 conectado con la sociedad\u201d, advirti\u00f3 el legislador yucateco en las Jornadas de Difusi\u00f3n 2017, Mitos y Realidades, Pol\u00edticas P\u00fablicas y Bienestar Social, organizado por el Centro de Investigaciones Regionales &#8220;Dr. Hideyo Noguchi&#8221; de la Universidad Aut\u00f3noma de Yucat\u00e1n.<\/p>\n<p>Ante un auditorio lleno, el diputado Ram\u00edrez Mar\u00edn particip\u00f3 en la jornada de clausura de estos foros de reflexi\u00f3n con el tema &#8220;Gobernanza y Pol\u00edticas P\u00fablicas&#8221;, junto con el &nbsp;doctor Rodolfo Canto S\u00e1enz, quien habl\u00f3 sobre &#8220;Pol\u00edticas P\u00fablicas y Bienestar Social&#8221;, y el doctor Jorge Zavala Castro, director del &#8220;Hideyo Noguchi&#8221;, con el tema &#8220;La Universidad y las Pol\u00edticas P\u00fablicas&#8221;. Fueron cinco d\u00edas de foros y se organiz\u00f3 con motivo del 42 aniversario del CIR.<\/p>\n<p>&#8220;Todos los gobiernos est\u00e1n siendo duramente cuestionados por sus sociedades, tenemos el caso de Emmanuel Macron en Francia que comenz\u00f3 con un 80 por ciento de aprobaci\u00f3n y hoy tiene apenas el 30%; una excepci\u00f3n es Justin Trudeau, en Canad\u00e1, que tiene un alto nivel de aprobaci\u00f3n. La raz\u00f3n de la desaprobaci\u00f3n es la falta de gobernanza&#8221;, subray\u00f3 el legislador.<\/p>\n<p>&#8220;La gobernanza es un tema de todos, es el siguiente nivel, las decisiones tienen que ser asumidas y operadas por todos, requiere de gobiernos abiertos, deliberativos y corresponsables. Hemos cambiado sistemas pol\u00edticos, pero no nuestra forma de gobernar&#8221;, enfatiz\u00f3 el diputado.<\/p>\n<p>Entre otros conceptos, Ram\u00edrez Mar\u00edn convoc\u00f3 a ir m\u00e1s all\u00e1 del voto, de la participaci\u00f3n electoral, y pasar a la participaci\u00f3n activa en la toma de decisiones, pero con la corresponsabilidad que eso implica para los ciudadanos.<\/p>\n<p>&#8220;Tenemos que apostarle a la continuidad, ser\u00eda irresponsable no aprovechar lo que hay para mejorar, aunque continuidad no es seguir haciendo lo mismo, sino adaptar todo lo positivo a cada tiempo. Es ponernos a tiempo con cada nuevo desaf\u00edo, siguiendo principios rectores que no se deben abandonar&#8221;, subray\u00f3.<\/p>\n<p>&#8220;\u00bfQu\u00e9 hay m\u00e1s all\u00e1 para Yucat\u00e1n?, la gobernanza real y, m\u00e1s all\u00e1, el \u00e9xito econ\u00f3mico retribuible, que la macroeconom\u00eda se refleje en los bolsillos de la gente, que los beneficios le lleguen a todos, el fin \u00faltimo del gobierno es ayudar a los ciudadanos a alcanzar la felicidad, s\u00f3lo dos pa\u00edses se atrevieron a poner esto en su Constituci\u00f3n, Cuba y Estados Unidos&#8221;, apunt\u00f3 el legislador.<\/p>\n<p>En su intervenci\u00f3n, el Dr. Canto S\u00e1enz habl\u00f3 sobre la importancia de la democracia participativa, pues s\u00f3lo con la organizaci\u00f3n y participaci\u00f3n en la vida institucional, sobre todo de los menos favorecidos, se pueden lograr los cambios.<\/p>\n<p>&#8220;Una buena noticia es que es posible lograr el desarrollo humano sin crecimiento econ\u00f3mico, la pol\u00edtica no es ajena al desarrollo y viceversa, pero no basta con las buenas intenciones de gobernantes bien intencionados, necesitamos una administraci\u00f3n p\u00fablica eficaz, transparente y que rinda cuentas&#8221;, subray\u00f3 el ex director de la Facultad de Econom\u00eda de la UADY.<\/p>\n<p>En su turno, el Dr. Zavala Castro se\u00f1al\u00f3 la falta de continuidad de parte del gobierno en la aplicaci\u00f3n de los proyectos emanados en las universidades y centros de investigaci\u00f3n y destac\u00f3 que es necesaria una mayor interacci\u00f3n entre las autoridades y los generadores de conocimiento para llevar m\u00e1s beneficios a las comunidades.<\/p>\n<p>&#8220;Hay cosas que podemos cambiar, pero se requiere la participaci\u00f3n de todos. Siempre he dicho que existen dos tipos de masas: la masa cr\u00edtica, que es la que propone, discute, defiende, debate, acepta, tolera y que cambia, y la masa criticona, que es la del pasillo, la de all\u00e1 atr\u00e1s, la que habla y no propone, la que destruye y no construye. La invitaci\u00f3n es a que seamos m\u00e1s masa cr\u00edtica, independientemente del gobierno y del color que sea&#8221;, subray\u00f3 el director del &#8220;Hideyo Noguchi&#8221;, en un foro que registr\u00f3 un lleno total, atrajo a decenas de j\u00f3venes y gener\u00f3 aplausos a lo largo de las intervenciones.<\/p><\/p>\n","protected":false},"excerpt":{"rendered":"<p>* El diputado hace un llamado a construir la gobernanza colaborativa.<br \/>\n* La continuidad no significa hacer lo mismo, hay que hacer cosas diferentes,<\/p>\n","protected":false},"author":1018,"featured_media":0,"comment_status":"open","ping_status":"open","sticky":false,"template":"","format":"standard","meta":{"tdm_status":"","tdm_grid_status":"","footnotes":""},"categories":[21],"tags":[],"_links":{"self":[{"href":"https:\/\/dralvarez.com.mx\/larevista\/wp-json\/wp\/v2\/posts\/59176"}],"collection":[{"href":"https:\/\/dralvarez.com.mx\/larevista\/wp-json\/wp\/v2\/posts"}],"about":[{"href":"https:\/\/dralvarez.com.mx\/larevista\/wp-json\/wp\/v2\/types\/post"}],"author":[{"embeddable":true,"href":"https:\/\/dralvarez.com.mx\/larevista\/wp-json\/wp\/v2\/users\/1018"}],"replies":[{"embeddable":true,"href":"https:\/\/dralvarez.com.mx\/larevista\/wp-json\/wp\/v2\/comments?post=59176"}],"version-history":[{"count":0,"href":"https:\/\/dralvarez.com.mx\/larevista\/wp-json\/wp\/v2\/posts\/59176\/revisions"}],"wp:attachment":[{"href":"https:\/\/dralvarez.com.mx\/larevista\/wp-json\/wp\/v2\/media?parent=59176"}],"wp:term":[{"taxonomy":"category","embeddable":true,"href":"https:\/\/dralvarez.com.mx\/larevista\/wp-json\/wp\/v2\/categories?post=59176"},{"taxonomy":"post_tag","embeddable":true,"href":"https:\/\/dralvarez.com.mx\/larevista\/wp-json\/wp\/v2\/tags?post=59176"}],"curies":[{"name":"wp","href":"https:\/\/api.w.org\/{rel}","templated":true}]}}