{"id":59175,"date":"2017-10-18T00:00:00","date_gmt":"2017-10-18T06:00:00","guid":{"rendered":"https:\/\/dralvarez.com.mx\/larevista\/blog\/somos-una-gran-familia-liborio-vidal-18788"},"modified":"2017-10-18T00:00:00","modified_gmt":"2017-10-18T06:00:00","slug":"somos-una-gran-familia-liborio-vidal-18788","status":"publish","type":"post","link":"https:\/\/dralvarez.com.mx\/larevista\/yucatan\/somos-una-gran-familia-liborio-vidal-18788","title":{"rendered":"Somos una gran familia: Liborio Vidal"},"content":{"rendered":"<\/p>\n<p>Valladolid, Yucat\u00e1n, a 17 de octubre de 2017. \u201cAqu\u00ed en Yucat\u00e1n, somos una gran familia integrada por el oriente del Estado, por el Sur del Estado, por M\u00e9rida, por el Norte  y por el Poniente del Estado. Todos conformamos la gran familia yucateca y como familia vamos a salir adelante\u201d, manifest\u00f3 Liborio Vidal Aguilar.<\/p>\n<p>En una reuni\u00f3n con m\u00e1s de mil personas, el empresario y pol\u00edtico yucateco destac\u00f3 el gran trabajo que en los \u00faltimos a\u00f1os ha realizado el gobernador Rolando Zapata Bello en busca de detonar el desarrollo de sectores y regiones estrat\u00e9gicos en la entidad.<\/p>\n<p>\u201cConozco a gente muy valiosa, y en los \u00faltimos meses me he llevado sorpresas muy gratas. Hemos estado de cerca con los j\u00f3venes, estudiantes y emprendedores, tambi\u00e9n me ha tocado ver la fortaleza de nuestros adultos mayores, y el incansable d\u00eda a d\u00eda de los hombres y mujeres de nuestro Estado, veo optimismo y ganas de salir adelante, y yo s\u00e9 que vamos a lograrlo\u201d, expres\u00f3.<\/p>\n<p><b>Equidad de g\u00e9nero<\/b><\/p>\n<p>En un momento de la reuni\u00f3n tom\u00f3 la palabra la profesora Mayra Alcocer Navarrete, quien se\u00f1al\u00f3 que conoce a Vidal Aguilar desde que era un ni\u00f1o y que ha visto c\u00f3mo ha prestado inter\u00e9s no s\u00f3lo a temas empresariales y pol\u00edticos sino en otras \u00e1reas de importancia para el ser humano y la sociedad.<\/p>\n<p>\u201cLucha por lo que menos tienen, por los derechos de las mujeres, por los animales, los adultos mayores, y no podemos negar que el #AmigoLibo es congruente, es sensible, es cercano de verdad a la gente, es garant\u00eda de un administrador exitoso, lo ha demostrado con hechos y ha levantado la voz por nosotras que somos muchas veces el pilar de nuestras casas\u201d, expres\u00f3.<\/p>\n<p>La profesora Mayra agreg\u00f3 que con el paso de los a\u00f1os, Vidal Aguilar se ha ganado la confianza de la gente porque siempre regresa. \u201cLibo, en todos lados te reconocen y te abren las puertas porque en tu camino has hecho amigos que te abren las puertas y eso te ha hecho un gran gestor, gracias por generar estos espacios y la confianza de poder llamarte #AmigoLibo\u201d.<\/p>\n<p>En el evento estuvo presente la diputada local Marena L\u00f3pez Garc\u00eda, y el delegado del PRI, Carlos Pav\u00f3n Flores, as\u00ed como los presidentes municipales de Tixcacalcupul, Mateo Cahum; de Tinum, Felipe Chan Yam; de Tekom, Armin Kumul Cocom; de Yaxcab\u00e1, Sans\u00f3n Palma Santos; de Chichimil\u00e1, Francisco Medina Mart\u00edn, y de Chankom, Roger Cim\u00e9 Mis, tambi\u00e9n los comisarios ejidales de Chemax, Valladolid, Chichimil\u00e1, Tekom, Tixkakal, Chikindzonot, Chankom, Cuncunul, Uayma y Yaxcab\u00e1<\/p><\/p>\n","protected":false},"excerpt":{"rendered":"<p>M\u00e1s de mil personas reconocen el trabajo realizado por el empresario y pol\u00edtico yucateco.<\/p>\n","protected":false},"author":1018,"featured_media":0,"comment_status":"open","ping_status":"open","sticky":false,"template":"","format":"standard","meta":{"tdm_status":"","tdm_grid_status":"","footnotes":""},"categories":[21],"tags":[],"_links":{"self":[{"href":"https:\/\/dralvarez.com.mx\/larevista\/wp-json\/wp\/v2\/posts\/59175"}],"collection":[{"href":"https:\/\/dralvarez.com.mx\/larevista\/wp-json\/wp\/v2\/posts"}],"about":[{"href":"https:\/\/dralvarez.com.mx\/larevista\/wp-json\/wp\/v2\/types\/post"}],"author":[{"embeddable":true,"href":"https:\/\/dralvarez.com.mx\/larevista\/wp-json\/wp\/v2\/users\/1018"}],"replies":[{"embeddable":true,"href":"https:\/\/dralvarez.com.mx\/larevista\/wp-json\/wp\/v2\/comments?post=59175"}],"version-history":[{"count":0,"href":"https:\/\/dralvarez.com.mx\/larevista\/wp-json\/wp\/v2\/posts\/59175\/revisions"}],"wp:attachment":[{"href":"https:\/\/dralvarez.com.mx\/larevista\/wp-json\/wp\/v2\/media?parent=59175"}],"wp:term":[{"taxonomy":"category","embeddable":true,"href":"https:\/\/dralvarez.com.mx\/larevista\/wp-json\/wp\/v2\/categories?post=59175"},{"taxonomy":"post_tag","embeddable":true,"href":"https:\/\/dralvarez.com.mx\/larevista\/wp-json\/wp\/v2\/tags?post=59175"}],"curies":[{"name":"wp","href":"https:\/\/api.w.org\/{rel}","templated":true}]}}