{"id":59173,"date":"2017-10-18T00:00:00","date_gmt":"2017-10-18T06:00:00","guid":{"rendered":"https:\/\/dralvarez.com.mx\/larevista\/blog\/ipiemh-conmemora-aniversario-del-voto-para-la-mujer-en-mexico-18786"},"modified":"2017-10-18T00:00:00","modified_gmt":"2017-10-18T06:00:00","slug":"ipiemh-conmemora-aniversario-del-voto-para-la-mujer-en-mexico-18786","status":"publish","type":"post","link":"https:\/\/dralvarez.com.mx\/larevista\/yucatan\/ipiemh-conmemora-aniversario-del-voto-para-la-mujer-en-mexico-18786","title":{"rendered":"Ipiemh conmemora aniversario del voto para la mujer en M\u00e9xico"},"content":{"rendered":"<\/p>\n<div>\n<p>Peto, Yucat\u00e1n, 17 de octubre de 2017.- A fin de dar a conocer los avances en cuanto a paridad y participaci\u00f3n pol\u00edtica, el Instituto para la Igualdad entre Mujeres y Hombres (Ipiemh), en conjunto con el Observatorio de Participaci\u00f3n Pol\u00edtica de las Mujeres en Yucat\u00e1n (Oppmy), inaugur\u00f3 un ciclo de conferencias magistrales que se realizar\u00e1 en el marco del 64 aniversario del voto femenino en M\u00e9xico.<\/p>\n<p>La directora del Ipiemh, Alaine L\u00f3pez Brice\u00f1o, record\u00f3 que el 19 de octubre del 2016 se firm\u00f3 el convenio espec\u00edfico de colaboraci\u00f3n para crear el Oppmy, con el objetivo de generar alianzas para impactar positivamente en una democracia m\u00e1s igualitaria y contar con una plataforma que concentre informaci\u00f3n estad\u00edstica de la realidad pol\u00edtica de las mujeres en la entidad.<\/p>\n<p>La primera ponencia, de varias que se har\u00e1n en diferentes instituciones educativas del territorio, se llam\u00f3 \u201cDel derecho al voto a la paridad electoral\u201d y estuvo a cargo de la titular de la Unidad de Igualdad y Acceso a la Justicia del Poder Judicial del Estado de Yucat\u00e1n, Annel Rosado Lara.<\/p>\n<p>En su charla, la panelista analiz\u00f3 las estrategias implementadas para visibilizar, impulsar y promover el empoderamiento de las mujeres en los espacios pol\u00edticos-electorales, en miras del proceso democr\u00e1tico 2017-2018.<\/p>\n<p>Al t\u00e9rmino del evento, como donativo a la biblioteca del plantel se hizo entrega de los ejemplares del <i>Centenario del Primer Congreso Feminista de Yucat\u00e1n y de M\u00e9xico 1916-2016<\/i>&nbsp;al rector de la Universidad Tecnol\u00f3gica del Mayab, Remigio Antonio Carvajal \u00c1vila.<\/p>\n<p>El referido Observatorio surgi\u00f3 del trabajo coordinado entre el Ipiemh, el Instituto Electoral y de Participaci\u00f3n Ciudadana de Yucat\u00e1n (Iepac) y el Tribunal Electoral del Estado de Yucat\u00e1n (TEEY), que con el impulso del Instituto Nacional de las Mujeres (Inmujeres), realiza reuniones para el favorecimiento de la actividad pol\u00edtica y la toma de decisiones p\u00fablicas de las mujeres en la entidad.<\/p>\n<p>Asistieron a la ceremonia la representante del Iepac, Leticia Ruiz Ocejo, y el director de Empoderamiento y Participaci\u00f3n de la Mujer del Ipiemh, Miguel Iuit Iuit.<\/p>\n<\/div>\n","protected":false},"excerpt":{"rendered":"<p>Por la efem\u00e9ride, se inaugura un ciclo de conferencias que llegar\u00e1 a varias universidades del estado.<\/p>\n","protected":false},"author":1018,"featured_media":0,"comment_status":"open","ping_status":"open","sticky":false,"template":"","format":"standard","meta":{"tdm_status":"","tdm_grid_status":"","footnotes":""},"categories":[21],"tags":[],"_links":{"self":[{"href":"https:\/\/dralvarez.com.mx\/larevista\/wp-json\/wp\/v2\/posts\/59173"}],"collection":[{"href":"https:\/\/dralvarez.com.mx\/larevista\/wp-json\/wp\/v2\/posts"}],"about":[{"href":"https:\/\/dralvarez.com.mx\/larevista\/wp-json\/wp\/v2\/types\/post"}],"author":[{"embeddable":true,"href":"https:\/\/dralvarez.com.mx\/larevista\/wp-json\/wp\/v2\/users\/1018"}],"replies":[{"embeddable":true,"href":"https:\/\/dralvarez.com.mx\/larevista\/wp-json\/wp\/v2\/comments?post=59173"}],"version-history":[{"count":0,"href":"https:\/\/dralvarez.com.mx\/larevista\/wp-json\/wp\/v2\/posts\/59173\/revisions"}],"wp:attachment":[{"href":"https:\/\/dralvarez.com.mx\/larevista\/wp-json\/wp\/v2\/media?parent=59173"}],"wp:term":[{"taxonomy":"category","embeddable":true,"href":"https:\/\/dralvarez.com.mx\/larevista\/wp-json\/wp\/v2\/categories?post=59173"},{"taxonomy":"post_tag","embeddable":true,"href":"https:\/\/dralvarez.com.mx\/larevista\/wp-json\/wp\/v2\/tags?post=59173"}],"curies":[{"name":"wp","href":"https:\/\/api.w.org\/{rel}","templated":true}]}}