{"id":59172,"date":"2017-10-18T00:00:00","date_gmt":"2017-10-18T06:00:00","guid":{"rendered":"https:\/\/dralvarez.com.mx\/larevista\/blog\/yucatan-a-la-vanguardia-en-mejoramiento-genetico-de-ganado-bovino-18785"},"modified":"2017-10-18T00:00:00","modified_gmt":"2017-10-18T06:00:00","slug":"yucatan-a-la-vanguardia-en-mejoramiento-genetico-de-ganado-bovino-18785","status":"publish","type":"post","link":"https:\/\/dralvarez.com.mx\/larevista\/yucatan\/yucatan-a-la-vanguardia-en-mejoramiento-genetico-de-ganado-bovino-18785","title":{"rendered":"Yucat\u00e1n, a la vanguardia en mejoramiento gen\u00e9tico de ganado bovino"},"content":{"rendered":"<p>M\u00e9rida, Yucat\u00e1n, 17 de octubre de 2017.- La actividad ganadera en Yucat\u00e1n experimenta un auge importante y se mantiene a la vanguardia en lo que se refiere a pr\u00e1cticas para el mejoramiento gen\u00e9tico, destacaron dirigentes de la Asociaci\u00f3n Mexicana de Criadores de Ganado Beefmaster, durante una reuni\u00f3n con el Gobernador Rolando Zapata Bello.<\/p>\n<p>Como parte de los preparativos rumbo a la 36 Exposici\u00f3n Nacional de esa raza, que se llevar\u00e1 a cabo en el marco de la Feria Yucat\u00e1n X\u2019matkuil 2017, el mandatario sostuvo un encuentro con el presidente de dicho organismo, Noel Javier Ram\u00edrez Mej\u00eda, quien expres\u00f3 que la muestra ser\u00e1 una buena oportunidad para promocionar lo que se est\u00e1 haciendo en el territorio dentro del rubro.<\/p>\n<p>La seguridad que existe en la entidad, los resultados positivos que se tienen en la actividad y la gran participaci\u00f3n de los ganaderos yucatecos fueron algunos de los motivos por los que decidimos que esta tierra sea la sede de la exhibici\u00f3n nacional, que permitir\u00e1 no s\u00f3lo comercializar sino compartir experiencias con criadores de otras partes del pa\u00eds, puntualiz\u00f3.<\/p>\n<p>Acompa\u00f1ado del titular de la Secretar\u00eda de Desarrollo Rural (Seder), Juan Jos\u00e9 Canul P\u00e9rez y del presidente de la  Asociaci\u00f3n de Criadores de Ganado Bovino de Registro en Yucat\u00e1n, Juan Manuel Conde Mena, el titular del Poder Ejecutivo y los miembros del sector abordaron temas relacionados con esta acci\u00f3n productiva, as\u00ed como las oportunidades que ofrece el estado para comercializar ejemplares con Centroam\u00e9rica debido a su ubicaci\u00f3n geogr\u00e1fica.<\/p>\n<p>Cabe recordar que la Feria Yucat\u00e1n X&#8217;matkuil 2017, a celebrarse del 10 de noviembre al 3 de diciembre, tambi\u00e9n albergar\u00e1 la II Exposici\u00f3n Nacional de Razas de Origen Indiano y la 24 Feria Internacional de Ganader\u00eda Tropical.<\/p>\n","protected":false},"excerpt":{"rendered":"<p>Miembros del sector reconocen los avances de la entidad en el rubro.<\/p>\n","protected":false},"author":1018,"featured_media":0,"comment_status":"open","ping_status":"open","sticky":false,"template":"","format":"standard","meta":{"tdm_status":"","tdm_grid_status":"","footnotes":""},"categories":[21],"tags":[],"_links":{"self":[{"href":"https:\/\/dralvarez.com.mx\/larevista\/wp-json\/wp\/v2\/posts\/59172"}],"collection":[{"href":"https:\/\/dralvarez.com.mx\/larevista\/wp-json\/wp\/v2\/posts"}],"about":[{"href":"https:\/\/dralvarez.com.mx\/larevista\/wp-json\/wp\/v2\/types\/post"}],"author":[{"embeddable":true,"href":"https:\/\/dralvarez.com.mx\/larevista\/wp-json\/wp\/v2\/users\/1018"}],"replies":[{"embeddable":true,"href":"https:\/\/dralvarez.com.mx\/larevista\/wp-json\/wp\/v2\/comments?post=59172"}],"version-history":[{"count":0,"href":"https:\/\/dralvarez.com.mx\/larevista\/wp-json\/wp\/v2\/posts\/59172\/revisions"}],"wp:attachment":[{"href":"https:\/\/dralvarez.com.mx\/larevista\/wp-json\/wp\/v2\/media?parent=59172"}],"wp:term":[{"taxonomy":"category","embeddable":true,"href":"https:\/\/dralvarez.com.mx\/larevista\/wp-json\/wp\/v2\/categories?post=59172"},{"taxonomy":"post_tag","embeddable":true,"href":"https:\/\/dralvarez.com.mx\/larevista\/wp-json\/wp\/v2\/tags?post=59172"}],"curies":[{"name":"wp","href":"https:\/\/api.w.org\/{rel}","templated":true}]}}