{"id":59158,"date":"2017-10-18T00:00:00","date_gmt":"2017-10-18T06:00:00","guid":{"rendered":"https:\/\/dralvarez.com.mx\/larevista\/blog\/garantizan-que-el-parque-centenario-tendra-un-nuevo-rostro-18771"},"modified":"2017-10-18T00:00:00","modified_gmt":"2017-10-18T06:00:00","slug":"garantizan-que-el-parque-centenario-tendra-un-nuevo-rostro-18771","status":"publish","type":"post","link":"https:\/\/dralvarez.com.mx\/larevista\/yucatan\/garantizan-que-el-parque-centenario-tendra-un-nuevo-rostro-18771","title":{"rendered":"Garantizan que el parque Centenario tendr\u00e1 un nuevo rostro"},"content":{"rendered":"<\/p>\n<p>M\u00e9rida, Yucat\u00e1n; 17 de octubre de 2017 (ACOM).- El parque zool\u00f3gico del Centenario tendr\u00e1 un nuevo rostro, una vez que concluyan los trabajos de rehabilitaci\u00f3n y construcci\u00f3n de diversas \u00e1reas que inici\u00f3 esta semana.<u><\/u><u><\/u><\/p>\n<p>En rueda de prensa, el director de Obras P\u00fablicas de la Comuna, Virgilio Crespo M\u00e9ndez, inform\u00f3 que los trabajos tardar\u00e1n unos 3 meses y consisten en la reconstrucci\u00f3n mil 700 metros lineales de andadores, el cambio de cercas en 3 mil 600 metros cuadrados de exhibidores animales, en especial, en el \u00e1rea de los chimpanc\u00e9s quienes tendr\u00e1n un interior m\u00e1s c\u00f3modo.<u><\/u><u><\/u><\/p>\n<p>Asimismo, se prev\u00e9 la ampliaci\u00f3n a casi el doble de la estaci\u00f3n del tren para tener mayor capacidad de personas a la sombra, adem\u00e1s de que se instalar\u00e1 una cubierta de 504 metros cuadrados en el \u00e1rea de espect\u00e1culos.<u><\/u><u><\/u><\/p>\n<p>Tambi\u00e9n se techar\u00e1 un \u00e1rea de 448 metros cuadrados que abarcar\u00e1 la plaza de comidas, junto con la modernizaci\u00f3n del \u00e1rea infantil con la instalaci\u00f3n de 20 nuevos juegos.<u><\/u><u><\/u><\/p>\n<p>En Animaya, se instalar\u00e1 un estacionamiento de bicicletas, junto con 13 cubiertas para sol y se construir\u00e1 el Expreso Animaya.<u><\/u><u><\/u><\/p>\n<p>Tambi\u00e9n se prev\u00e9 construir la plaza de comidas con capacidad para 300 personas.<u><\/u><u><\/u><\/p>\n<p>El alcalde, Mauricio Vila Dosal indic\u00f3 que el Ayuntamiento invertir\u00e1 23 y 21 millones de pesos en el Centenario y Animaya respectivamente, en las obras pactadas para mejoras las atracciones para los visitantes.<u><\/u><u><\/u><\/p>\n<p>Inform\u00f3 que el Centenario recibe m\u00e1s de un mill\u00f3n y medio de visitantes al a\u00f1o, por lo que se afianza como la segunda atracci\u00f3n m\u00e1s visitada en el estado detr\u00e1s de Chich\u00e9n Itz\u00e1, mientras que Animaya recibe a unas 500 mil personas.<u><\/u><u><\/u><\/p>\n<p>El primer edil pidi\u00f3 a los meridanos paciencia durante los trabajos en el Centenario, los cuales deber\u00e1n concluir en enero.<\/p><\/p>\n","protected":false},"excerpt":{"rendered":"<p>Meridanos podr\u00e1n disfrutar de las instalaciones renovadas en tres meses.<\/p>\n","protected":false},"author":1018,"featured_media":0,"comment_status":"open","ping_status":"open","sticky":false,"template":"","format":"standard","meta":{"tdm_status":"","tdm_grid_status":"","footnotes":""},"categories":[21],"tags":[],"_links":{"self":[{"href":"https:\/\/dralvarez.com.mx\/larevista\/wp-json\/wp\/v2\/posts\/59158"}],"collection":[{"href":"https:\/\/dralvarez.com.mx\/larevista\/wp-json\/wp\/v2\/posts"}],"about":[{"href":"https:\/\/dralvarez.com.mx\/larevista\/wp-json\/wp\/v2\/types\/post"}],"author":[{"embeddable":true,"href":"https:\/\/dralvarez.com.mx\/larevista\/wp-json\/wp\/v2\/users\/1018"}],"replies":[{"embeddable":true,"href":"https:\/\/dralvarez.com.mx\/larevista\/wp-json\/wp\/v2\/comments?post=59158"}],"version-history":[{"count":0,"href":"https:\/\/dralvarez.com.mx\/larevista\/wp-json\/wp\/v2\/posts\/59158\/revisions"}],"wp:attachment":[{"href":"https:\/\/dralvarez.com.mx\/larevista\/wp-json\/wp\/v2\/media?parent=59158"}],"wp:term":[{"taxonomy":"category","embeddable":true,"href":"https:\/\/dralvarez.com.mx\/larevista\/wp-json\/wp\/v2\/categories?post=59158"},{"taxonomy":"post_tag","embeddable":true,"href":"https:\/\/dralvarez.com.mx\/larevista\/wp-json\/wp\/v2\/tags?post=59158"}],"curies":[{"name":"wp","href":"https:\/\/api.w.org\/{rel}","templated":true}]}}