{"id":59152,"date":"2017-10-18T00:00:00","date_gmt":"2017-10-18T06:00:00","guid":{"rendered":"https:\/\/dralvarez.com.mx\/larevista\/blog\/brote-de-conjuntivitis-alcanzo-cifra-record-en-yucatan-18765"},"modified":"2017-10-18T00:00:00","modified_gmt":"2017-10-18T06:00:00","slug":"brote-de-conjuntivitis-alcanzo-cifra-record-en-yucatan-18765","status":"publish","type":"post","link":"https:\/\/dralvarez.com.mx\/larevista\/yucatan\/brote-de-conjuntivitis-alcanzo-cifra-record-en-yucatan-18765","title":{"rendered":"Brote de conjuntivitis alcanz\u00f3 cifra r\u00e9cord en Yucat\u00e1n"},"content":{"rendered":"<\/p>\n<p>M\u00e9rida, Yucat\u00e1n; 17 de octubre de 2017 (ACOM).- El secretario de salud en Yucat\u00e1n, Jorge Mendoza M\u00e9zquita, acept\u00f3 que el brote de conjuntivitis registrado este a\u00f1o es uno de los m\u00e1s importantes que ha habido y del que se tenga estad\u00edstica, sobre todo porque conjunt\u00f3 varios tipos del padecimiento.<u><\/u><u><\/u><\/p>\n<p>Entrevistado sobre el tema, el funcionario estatal indic\u00f3 que la situaci\u00f3n que se ha visto este 2017, es la que mayor n\u00famero de casos en los \u00faltimos 12 a\u00f1os, aunque refiri\u00f3 que la cifra disminuir\u00e1 en los pr\u00f3ximos d\u00edas.<u><\/u><u><\/u><\/p>\n<p>El Sistema Nacional de Vigilancia Epidemiol\u00f3gica report\u00f3 que hasta el siete de octubre se registraron 21 mil 121 casos nuevos con los que se lleg\u00f3 a los 59 mil 760 casos en lo que va de este a\u00f1o.<u><\/u><u><\/u><\/p>\n<p>Seg\u00fan este conteo, en el mismo periodo pero de 2016, hab\u00eda 16 mil 564 casos, es decir que en comparaci\u00f3n con este a\u00f1o hay un aumento de m\u00e1s de 40 casos.<u><\/u><u><\/u><\/p>\n<p>Sin embargo, Jorge Mendoza refiri\u00f3 que en los pr\u00f3ximos 15 d\u00edas habr\u00e1 una disminuci\u00f3n importante en el n\u00famero de contagios, pues dijo que la cantidad de consultas m\u00e9dicas por conjuntivitis ha ido a la baja, aunque declin\u00f3 ofrecer un porcentaje.<u><\/u><u><\/u><\/p>\n<p>&#8220;Hay que tener la corresponsabilidad para controlar el brote, lav\u00e1ndose las manos, usando gel antibacterial. La gente ya entendi\u00f3 que no es necesario el uso de antibi\u00f3ticos, pues la mayor\u00eda de los casos son virales. Si se cuida, va de tres a siete d\u00edas y se autolimita la infecci\u00f3n&#8221;, refiri\u00f3.<\/p><\/p>\n","protected":false},"excerpt":{"rendered":"<p>Secretario de Salud estatal precis\u00f3 que es la cifra m\u00e1s alta en los \u00faltimos doce a\u00f1os.<\/p>\n","protected":false},"author":1018,"featured_media":0,"comment_status":"open","ping_status":"open","sticky":false,"template":"","format":"standard","meta":{"tdm_status":"","tdm_grid_status":"","footnotes":""},"categories":[21],"tags":[],"_links":{"self":[{"href":"https:\/\/dralvarez.com.mx\/larevista\/wp-json\/wp\/v2\/posts\/59152"}],"collection":[{"href":"https:\/\/dralvarez.com.mx\/larevista\/wp-json\/wp\/v2\/posts"}],"about":[{"href":"https:\/\/dralvarez.com.mx\/larevista\/wp-json\/wp\/v2\/types\/post"}],"author":[{"embeddable":true,"href":"https:\/\/dralvarez.com.mx\/larevista\/wp-json\/wp\/v2\/users\/1018"}],"replies":[{"embeddable":true,"href":"https:\/\/dralvarez.com.mx\/larevista\/wp-json\/wp\/v2\/comments?post=59152"}],"version-history":[{"count":0,"href":"https:\/\/dralvarez.com.mx\/larevista\/wp-json\/wp\/v2\/posts\/59152\/revisions"}],"wp:attachment":[{"href":"https:\/\/dralvarez.com.mx\/larevista\/wp-json\/wp\/v2\/media?parent=59152"}],"wp:term":[{"taxonomy":"category","embeddable":true,"href":"https:\/\/dralvarez.com.mx\/larevista\/wp-json\/wp\/v2\/categories?post=59152"},{"taxonomy":"post_tag","embeddable":true,"href":"https:\/\/dralvarez.com.mx\/larevista\/wp-json\/wp\/v2\/tags?post=59152"}],"curies":[{"name":"wp","href":"https:\/\/api.w.org\/{rel}","templated":true}]}}