{"id":59147,"date":"2017-10-17T00:00:00","date_gmt":"2017-10-17T06:00:00","guid":{"rendered":"https:\/\/dralvarez.com.mx\/larevista\/blog\/planeacion-en-el-combate-de-la-pobreza-18760"},"modified":"2017-10-17T00:00:00","modified_gmt":"2017-10-17T06:00:00","slug":"planeacion-en-el-combate-de-la-pobreza-18760","status":"publish","type":"post","link":"https:\/\/dralvarez.com.mx\/larevista\/yucatan\/planeacion-en-el-combate-de-la-pobreza-18760","title":{"rendered":"Planeaci\u00f3n en el combate de la pobreza"},"content":{"rendered":"<\/p>\n<p>Timucuy, Yucat\u00e1n, 17 de<br \/>\noctubre de 2017.- Naomi, Israel y Gabriel observan por \u00faltima vez los juegos<br \/>\ndel parque de su localidad. Las resbaladillas rotas y con \u00f3xido,  los<br \/>\ncolumpios y pasamanos en un estado similar. Aproximadamente hace seis a\u00f1os que<br \/>\nse encuentran as\u00ed.<\/p>\n<p>Sin embargo, junto con sus<br \/>\ncompa\u00f1eras y compa\u00f1eros de la escuela primaria \u201cFelipe Carrillo Puerto\u201d de la<br \/>\ncomisar\u00eda Tekik de Regil sonr\u00eden porque en diciembre este espacio lucir\u00e1<br \/>\ndiferente y podr\u00e1n salir a jugar en un lugar digno.<\/p>\n<p>\u201cEstoy contento porque<br \/>\ntendremos nuevos juegos, aqu\u00ed ya no pod\u00edamos jugar bien\u201d, exclam\u00f3 Gabriel al<br \/>\ntitular de la Secretar\u00eda de Desarrollo Social (Sedesol), Mauricio Sahu\u00ed Rivero.<\/p>\n<p>En el marco del D\u00eda<br \/>\nInternacional para la Erradicaci\u00f3n de la Pobreza, el funcionario estatal fue<br \/>\ntestigo del inicio los trabajos de rehabilitaci\u00f3n del parque que se realizan<br \/>\ncon una inversi\u00f3n superior a los 1.5 millones de pesos provenientes del Ramo 23<br \/>\ny que abarcan el \u00e1rea de juegos infantiles, el parque principal y la cancha de<br \/>\nusos m\u00faltiples.<\/p>\n<p>Acompa\u00f1ado del alcalde de<br \/>\nTimucuy, Juan Javier Couoh Sulub, Sahu\u00ed Rivero indic\u00f3 que el rumbo que hoy<br \/>\ntiene Yucat\u00e1n con buenos resultados en el combate a las carencias sociales, en<br \/>\nsus niveles de crecimiento econ\u00f3mico no es producto de la casualidad y por<br \/>\ntanto se seguir\u00e1 trabajando en esa ruta.<\/p>\n<p>\u201cEn Yucat\u00e1n vamos muy<br \/>\nbien, el combate a la pobreza es permanente, se hace con profesionalismo y con<br \/>\nplaneaci\u00f3n para que las familias en situaci\u00f3n de vulnerabilidad mejoren su<br \/>\ncalidad de vida\u201d expres\u00f3.<\/p>\n<p>El titular de la Sedesol<br \/>\nindic\u00f3 que cuando los espacios p\u00fablicos no est\u00e1n habilitados las personas no<br \/>\npueden hacer uso de ellos y aprovecharlos.<\/p>\n<p>\u201cEn estas condiciones, los<br \/>\nj\u00f3venes no pueden practicar un deporte de manera digna, los ni\u00f1os no tienen<br \/>\nd\u00f3nde jugar y las familias &nbsp;no tienen la oportunidad de generar<br \/>\nconvivencia sana y un espacio de sana convivencia se convierte en un espacio<br \/>\nque perjudica a la comunidad\u201d, manifest\u00f3.<\/p>\n<p>Destac\u00f3 que por eso es<br \/>\nimportante realizar un trabajo coordinado con los tres niveles de gobierno y<br \/>\nrealizar las gestiones correspondientes para obtener los recursos y emprender<br \/>\nacciones que reaviven los espacios p\u00fablicos y la din\u00e1mica positiva de su<br \/>\ncomunidad.<\/p><\/p>\n","protected":false},"excerpt":{"rendered":"<p>El titular de Sedesol visita Timucuy.<\/p>\n","protected":false},"author":1018,"featured_media":0,"comment_status":"open","ping_status":"open","sticky":false,"template":"","format":"standard","meta":{"tdm_status":"","tdm_grid_status":"","footnotes":""},"categories":[21],"tags":[],"_links":{"self":[{"href":"https:\/\/dralvarez.com.mx\/larevista\/wp-json\/wp\/v2\/posts\/59147"}],"collection":[{"href":"https:\/\/dralvarez.com.mx\/larevista\/wp-json\/wp\/v2\/posts"}],"about":[{"href":"https:\/\/dralvarez.com.mx\/larevista\/wp-json\/wp\/v2\/types\/post"}],"author":[{"embeddable":true,"href":"https:\/\/dralvarez.com.mx\/larevista\/wp-json\/wp\/v2\/users\/1018"}],"replies":[{"embeddable":true,"href":"https:\/\/dralvarez.com.mx\/larevista\/wp-json\/wp\/v2\/comments?post=59147"}],"version-history":[{"count":0,"href":"https:\/\/dralvarez.com.mx\/larevista\/wp-json\/wp\/v2\/posts\/59147\/revisions"}],"wp:attachment":[{"href":"https:\/\/dralvarez.com.mx\/larevista\/wp-json\/wp\/v2\/media?parent=59147"}],"wp:term":[{"taxonomy":"category","embeddable":true,"href":"https:\/\/dralvarez.com.mx\/larevista\/wp-json\/wp\/v2\/categories?post=59147"},{"taxonomy":"post_tag","embeddable":true,"href":"https:\/\/dralvarez.com.mx\/larevista\/wp-json\/wp\/v2\/tags?post=59147"}],"curies":[{"name":"wp","href":"https:\/\/api.w.org\/{rel}","templated":true}]}}