{"id":59139,"date":"2017-10-17T00:00:00","date_gmt":"2017-10-17T06:00:00","guid":{"rendered":"https:\/\/dralvarez.com.mx\/larevista\/blog\/imss-padece-un-dolor-cronico-puede-viajar-siguiendo-estos-consejos-18752"},"modified":"2017-10-17T00:00:00","modified_gmt":"2017-10-17T06:00:00","slug":"imss-padece-un-dolor-cronico-puede-viajar-siguiendo-estos-consejos-18752","status":"publish","type":"post","link":"https:\/\/dralvarez.com.mx\/larevista\/yucatan\/imss-padece-un-dolor-cronico-puede-viajar-siguiendo-estos-consejos-18752","title":{"rendered":"IMSS: \u00bfPadece un dolor cr\u00f3nico? Puede viajar siguiendo estos consejos"},"content":{"rendered":"<\/p>\n<p>El dolor es una sensaci\u00f3n generada por<br \/>\nel sistema nervioso y puede sentirse en pr\u00e1cticamente cualquier parte &nbsp;del cuerpo, como la espalda, el abdomen, el<br \/>\npecho, o la pelvis. <\/p>\n<p>Sin embargo el dolor se presenta en<br \/>\ndistintas maneras, como el dolor cr\u00f3nico el cual se caracteriza por presentarse<br \/>\npor m\u00e1s de seis meses y no se alivia &nbsp;por<br \/>\ncompleto con tratamientos m\u00e9dicos ni quir\u00fargicos\u201d, apunt\u00f3 el Dr. Jacinto<br \/>\nHerrera Le\u00f3n, director del Hospital General Regional (HGR) No. 1 &#8220;Lic.<br \/>\nIgnacio Garc\u00eda T\u00e9llez&#8221; del Instituto Mexicano del Seguro Social (IMSS).<\/p>\n<p>El dolor cr\u00f3nico puede deberse a una<br \/>\nenfermedad activa, como sucede con enfermedades de la columna, fracturas, lesiones<br \/>\nde los nervios, cambios degenerativos propios de las personas en edad avanzada,<br \/>\nentre otras.<\/p>\n<p>El tambi\u00e9n especialista en<br \/>\nReumatolog\u00eda se\u00f1al\u00f3 que a pesar de las limitaciones que conlleva el padecer un<br \/>\ndolor cr\u00f3nico, \u00e9ste no debe ser una barrera a la hora de realizar un viaje de<br \/>\ntrabajo o de placer. <\/p>\n<p>\u201cEs posible desplazarse sin miedo<br \/>\ncontemplando ciertas pr\u00e1cticas que garanticen nuestro cumplimiento terap\u00e9utico<br \/>\ny que dispongamos siempre de nuestra medicaci\u00f3n frente a cualquier incidencia<br \/>\nen el viaje\u201d, indic\u00f3.<\/p>\n<p>Si viaja en coche es importante tener<br \/>\nsiempre a mano el equipaje y llevar apuntado el nombre del medicamento con los<br \/>\nhorarios y dosis que debe suministrarse.<\/p>\n<p>Si viaja en avi\u00f3n, no olvide llevar a<br \/>\nmano sus medicamentos junto con su receta o<br \/>\nprescripci\u00f3n m\u00e9dica en el equipaje de mano. Si necesita transportar<br \/>\notros utensilios m\u00e9dicos (jeringas para diab\u00e9ticos, aparatos medidores,<br \/>\netc.) se debe avisar previamente a la compa\u00f1\u00eda a\u00e9rea, que informar\u00e1 al viajero<br \/>\ndel procedimiento a seguir. <\/p>\n<p>Si viaja en barco, a la hora de hacer<br \/>\nla reserva del viaje, si la enfermedad supone alg\u00fan riesgo, hay que informar al<br \/>\nservicio de atenci\u00f3n m\u00e9dica del barco para que est\u00e9n preparados. A bordo de<br \/>\ncada barco hay una enfermer\u00eda y un servicio m\u00e9dico disponible las 24 horas. <\/p>\n<p>El director del HGRl No. 1 &#8220;Lic.<br \/>\nIgnacio Garc\u00eda T\u00e9llez&#8221;, Dr. Jacinto Herrera Le\u00f3n, recomend\u00f3 llevar los medicamentos<br \/>\nen sus envases originales, donde estar\u00e1n mejor protegidos de la humedad y de la<br \/>\nluz. \u201cLlev\u00e1ndolos as\u00ed, estar\u00e1n disponibles por si fuera preciso utilizarlos<br \/>\ndurante un viaje inesperadamente largo, en una escala, o si las maletas se<br \/>\nextrav\u00edan. No deben ir en el dep\u00f3sito de equipajes de los aviones, porque los<br \/>\ncambios de temperatura podr\u00edan alterarlos\u201d. <\/p>\n<p>No en<br \/>\ntodos los pa\u00edses los medicamentos tienen el mismo nombre aunque ese sea su principio<br \/>\nactivo. Solicite a su m\u00e9dico que en la &nbsp;receta figure tambi\u00e9n la denominaci\u00f3n<br \/>\ngen\u00e9rica, en previsi\u00f3n de posibles p\u00e9rdidas, robos o deterioros.<\/p>\n<p>Los<br \/>\ncambios horarios pueden ser un problema a la hora de acomodar la medicaci\u00f3n los<br \/>\nprimeros d\u00edas. Es importante consultar con el m\u00e9dico para que readapte las<br \/>\npautas de medicaci\u00f3n teniendo en cuenta la diferencia horaria del d\u00eda de<br \/>\nllegada al &nbsp;destino y del d\u00eda de regreso<br \/>\na su lugar de origen. <\/p>\n<p>Si &nbsp;son pacientes diab\u00e9ticos o epil\u00e9pticos, se<br \/>\naconseja llevar un brazalete o un colgante para informar de su enfermedad y de<br \/>\nla medicaci\u00f3n que recibe a quien tuviera que socorrerles en un pa\u00eds extra\u00f1o.<br \/>\nLlevar un informe m\u00e9dico ser\u00e1 siempre la mejor garant\u00eda a la hora de pasar<br \/>\naduanas, en el caso de necesitar asistencia m\u00e9dica adicional o comprar<br \/>\nmedicamentos en los pa\u00edses de destino.<\/p>\n<p>Con un control adecuado del dolor y un cuidado<br \/>\nespecial de la medicaci\u00f3n, es posible viajar con total libertad y comodidad.<\/p>\n<p><\/p>\n","protected":false},"excerpt":{"rendered":"<p>\u2022\tNo hay un momento concreto  que afirme  que un dolor de corta duraci\u00f3n se ha transformado en cr\u00f3nico.<br \/>\n\u2022\tFrecuentemente  pensamos en el dolor como a<\/p>\n","protected":false},"author":1018,"featured_media":0,"comment_status":"open","ping_status":"open","sticky":false,"template":"","format":"standard","meta":{"tdm_status":"","tdm_grid_status":"","footnotes":""},"categories":[21],"tags":[],"_links":{"self":[{"href":"https:\/\/dralvarez.com.mx\/larevista\/wp-json\/wp\/v2\/posts\/59139"}],"collection":[{"href":"https:\/\/dralvarez.com.mx\/larevista\/wp-json\/wp\/v2\/posts"}],"about":[{"href":"https:\/\/dralvarez.com.mx\/larevista\/wp-json\/wp\/v2\/types\/post"}],"author":[{"embeddable":true,"href":"https:\/\/dralvarez.com.mx\/larevista\/wp-json\/wp\/v2\/users\/1018"}],"replies":[{"embeddable":true,"href":"https:\/\/dralvarez.com.mx\/larevista\/wp-json\/wp\/v2\/comments?post=59139"}],"version-history":[{"count":0,"href":"https:\/\/dralvarez.com.mx\/larevista\/wp-json\/wp\/v2\/posts\/59139\/revisions"}],"wp:attachment":[{"href":"https:\/\/dralvarez.com.mx\/larevista\/wp-json\/wp\/v2\/media?parent=59139"}],"wp:term":[{"taxonomy":"category","embeddable":true,"href":"https:\/\/dralvarez.com.mx\/larevista\/wp-json\/wp\/v2\/categories?post=59139"},{"taxonomy":"post_tag","embeddable":true,"href":"https:\/\/dralvarez.com.mx\/larevista\/wp-json\/wp\/v2\/tags?post=59139"}],"curies":[{"name":"wp","href":"https:\/\/api.w.org\/{rel}","templated":true}]}}