{"id":59137,"date":"2017-10-17T00:00:00","date_gmt":"2017-10-17T06:00:00","guid":{"rendered":"https:\/\/dralvarez.com.mx\/larevista\/blog\/inicia-curso-de-mediacion-en-el-poder-judicial-del-estado-18750"},"modified":"2017-10-17T00:00:00","modified_gmt":"2017-10-17T06:00:00","slug":"inicia-curso-de-mediacion-en-el-poder-judicial-del-estado-18750","status":"publish","type":"post","link":"https:\/\/dralvarez.com.mx\/larevista\/yucatan\/inicia-curso-de-mediacion-en-el-poder-judicial-del-estado-18750","title":{"rendered":"Inicia curso de mediaci\u00f3n en el Poder Judicial del Estado"},"content":{"rendered":"<p>Con el objetivo de fomentar la mediaci\u00f3n como una v\u00eda pac\u00edfica para la resoluci\u00f3n  de conflictos, el Poder Judicial del Estado inici\u00f3 esta tarde el curso de \u201cActualizaci\u00f3n y perfeccionamiento de t\u00e9cnicas y herramientas especializadas para mediaci\u00f3n\u201d en la sala seis del Centro de Justicia Oral de M\u00e9rida.<\/p>\n<p>En la ceremonia de inauguraci\u00f3n, el Consejero de la Judicatura del Poder Judicial del Estado, Luis Jorge Parra Arceo afirm\u00f3 que debido a las reformas en materia laboral, civil y familiar la mediaci\u00f3n se convierte en una pieza fundamental para la resoluci\u00f3n de los conflictos.<\/p>\n<p>El curso ser\u00e1 impartido los d\u00edas 18, 20, 23, 25 y 27 de octubre del presente a\u00f1o en horario de 16:00 a 20:00 horas en el Centro de Justicia Oral de M\u00e9rida, ubicado en la colonia San Jos\u00e9 Tecoh al sur de esta ciudad, frente al Centro de Reinserci\u00f3n Social del Estado (CERESO).<\/p>\n<p>La especialista en terapias breves por el Instituto Mexicano de terapias breves y docente y capacitadora en la soluci\u00f3n alternativa de conflictos, principalmente la mediaci\u00f3n, Bertha Mary Rodr\u00edguez Villa ser\u00e1 la encargada de presentar temas como el perfil del mediador, las estrategias que potencian o inhiben la mediaci\u00f3n y el replanteamiento y reconstrucci\u00f3n del rol del mediador.<\/p>\n","protected":false},"excerpt":{"rendered":"<p>Con el objetivo de fomentar la mediaci\u00f3n como una v\u00eda pac\u00edfica para la resoluci\u00f3n  de conflictos, el Poder Judicial del Estado inici\u00f3 esta tarde el cu<\/p>\n","protected":false},"author":1018,"featured_media":0,"comment_status":"open","ping_status":"open","sticky":false,"template":"","format":"standard","meta":{"tdm_status":"","tdm_grid_status":"","footnotes":""},"categories":[21],"tags":[],"_links":{"self":[{"href":"https:\/\/dralvarez.com.mx\/larevista\/wp-json\/wp\/v2\/posts\/59137"}],"collection":[{"href":"https:\/\/dralvarez.com.mx\/larevista\/wp-json\/wp\/v2\/posts"}],"about":[{"href":"https:\/\/dralvarez.com.mx\/larevista\/wp-json\/wp\/v2\/types\/post"}],"author":[{"embeddable":true,"href":"https:\/\/dralvarez.com.mx\/larevista\/wp-json\/wp\/v2\/users\/1018"}],"replies":[{"embeddable":true,"href":"https:\/\/dralvarez.com.mx\/larevista\/wp-json\/wp\/v2\/comments?post=59137"}],"version-history":[{"count":0,"href":"https:\/\/dralvarez.com.mx\/larevista\/wp-json\/wp\/v2\/posts\/59137\/revisions"}],"wp:attachment":[{"href":"https:\/\/dralvarez.com.mx\/larevista\/wp-json\/wp\/v2\/media?parent=59137"}],"wp:term":[{"taxonomy":"category","embeddable":true,"href":"https:\/\/dralvarez.com.mx\/larevista\/wp-json\/wp\/v2\/categories?post=59137"},{"taxonomy":"post_tag","embeddable":true,"href":"https:\/\/dralvarez.com.mx\/larevista\/wp-json\/wp\/v2\/tags?post=59137"}],"curies":[{"name":"wp","href":"https:\/\/api.w.org\/{rel}","templated":true}]}}