{"id":59136,"date":"2017-10-17T00:00:00","date_gmt":"2017-10-17T06:00:00","guid":{"rendered":"https:\/\/dralvarez.com.mx\/larevista\/blog\/izamal-lista-para-la-ceremonia-del-cristo-negro-de-sitilpech-18749"},"modified":"2017-10-17T00:00:00","modified_gmt":"2017-10-17T06:00:00","slug":"izamal-lista-para-la-ceremonia-del-cristo-negro-de-sitilpech-18749","status":"publish","type":"post","link":"https:\/\/dralvarez.com.mx\/larevista\/yucatan\/izamal-lista-para-la-ceremonia-del-cristo-negro-de-sitilpech-18749","title":{"rendered":"Izamal, lista para la ceremonia del Cristo Negro de Sitilpech"},"content":{"rendered":"<\/p>\n<p>Izamal, Yucat\u00e1n; 17 de octubre de 2017 (ACOM).- Los feligreses y la comunidad en general se encuentran listos para este que mi\u00e9rcoles desde la ma\u00f1ana comiencen con los festejos de la tra\u00edda y del magno recibimiento de la imagen del Santo Cristo Negro de Sitilpech.<u><\/u><u><\/u><\/p>\n<p>Como cada a\u00f1o se espera que arriben hasta esta ciudad miles de fieles cat\u00f3licos para llevar a cabo esta centenaria tradici\u00f3n, en la que visitantes de todo el pa\u00eds, incluso de otras naciones, llegan para ser testigos de c\u00f3mo se desborda la fe cat\u00f3lica en este d\u00eda, fe que es demostrada en diversas formas.<u><\/u><u><\/u><\/p>\n<p>Por tal motivo, trabajadores del departamento de Servicios P\u00fablicos municipales del Ayuntamiento que encabeza el profesor Warnel May Escobar realizaron durante varios d\u00edas labores de limpieza para que el d\u00eda de las festividades la ciudad luzca radiante.<u><\/u><u><\/u><\/p>\n<p>\u201cEsta es una tradici\u00f3n en la que participamos todos los cat\u00f3licos, es una tradici\u00f3n muy arraigada en la que esperamos que lleguen hasta la ciudad miles de visitantes que sin duda alguna dejar\u00e1n importante derrama econ\u00f3mica, sin demeritar el sentido real de las festividades que es el de demostrar nuestro amor y veneraci\u00f3n por el Cristo\u201d, dijo un feligr\u00e9s.<u><\/u><u><\/u><\/p>\n<p>El centro de la Ciudad se encuentra ya abarrotado con los puestos y juegos mec\u00e1nicos para la diversi\u00f3n de los visitantes, durante estas festividades tambi\u00e9n se contar\u00e1 con la entrada y salida de los tradicionales gremios en diferentes hogares.<u><\/u><u><\/u><\/p>\n<p>Al respecto, el director de Turismo y Desarrollo Econ\u00f3mico de Izamal, Alex C\u00f3rdova Can dijo: \u201cestamos listos para atender a los miles de turistas que se esperan durante estas festividades del mes de octubre, los hoteles, restaurantes as\u00ed como todos los prestadores de servicios tur\u00edsticos se encuentran ya preparados para atender a los visitantes, esperando que su estancia por esta ciudad sea placentera\u201d, mencion\u00f3.<\/p><\/p>\n","protected":false},"excerpt":{"rendered":"<p>Remozan los edificios y zonas p\u00fablicas para recibir a los visitantes.<\/p>\n","protected":false},"author":1018,"featured_media":0,"comment_status":"open","ping_status":"open","sticky":false,"template":"","format":"standard","meta":{"tdm_status":"","tdm_grid_status":"","footnotes":""},"categories":[21],"tags":[],"_links":{"self":[{"href":"https:\/\/dralvarez.com.mx\/larevista\/wp-json\/wp\/v2\/posts\/59136"}],"collection":[{"href":"https:\/\/dralvarez.com.mx\/larevista\/wp-json\/wp\/v2\/posts"}],"about":[{"href":"https:\/\/dralvarez.com.mx\/larevista\/wp-json\/wp\/v2\/types\/post"}],"author":[{"embeddable":true,"href":"https:\/\/dralvarez.com.mx\/larevista\/wp-json\/wp\/v2\/users\/1018"}],"replies":[{"embeddable":true,"href":"https:\/\/dralvarez.com.mx\/larevista\/wp-json\/wp\/v2\/comments?post=59136"}],"version-history":[{"count":0,"href":"https:\/\/dralvarez.com.mx\/larevista\/wp-json\/wp\/v2\/posts\/59136\/revisions"}],"wp:attachment":[{"href":"https:\/\/dralvarez.com.mx\/larevista\/wp-json\/wp\/v2\/media?parent=59136"}],"wp:term":[{"taxonomy":"category","embeddable":true,"href":"https:\/\/dralvarez.com.mx\/larevista\/wp-json\/wp\/v2\/categories?post=59136"},{"taxonomy":"post_tag","embeddable":true,"href":"https:\/\/dralvarez.com.mx\/larevista\/wp-json\/wp\/v2\/tags?post=59136"}],"curies":[{"name":"wp","href":"https:\/\/api.w.org\/{rel}","templated":true}]}}